
{"id":99996,"date":"2022-01-29T20:38:55","date_gmt":"2022-01-29T23:38:55","guid":{"rendered":"https:\/\/www.sudoestehoje.com.br\/novoportal\/?p=99996"},"modified":"2022-01-29T20:38:55","modified_gmt":"2022-01-29T23:38:55","slug":"aulas-poderao-ser-remotas-com-alta-da-covid-19-diz-conselho-nacional-de-educacao","status":"publish","type":"post","link":"https:\/\/www.sudoestehoje.com.br\/novoportal\/2022\/01\/29\/aulas-poderao-ser-remotas-com-alta-da-covid-19-diz-conselho-nacional-de-educacao\/","title":{"rendered":"AULAS PODER\u00c3O SER REMOTAS COM ALTA DA COVID-19, DIZ CONSELHO NACIONAL DE EDUCA\u00c7\u00c3O"},"content":{"rendered":"<p><a href=\"https:\/\/www.sudoestehoje.com.br\/novoportal\/wp-content\/uploads\/2022\/01\/Marcos-Santos_USP-Imagens_6-1024x704-1.jpg\"><img loading=\"lazy\" decoding=\"async\" class=\"aligncenter size-medium wp-image-99998\" src=\"https:\/\/www.sudoestehoje.com.br\/novoportal\/wp-content\/uploads\/2022\/01\/Marcos-Santos_USP-Imagens_6-1024x704-1-500x344.jpg\" alt=\"\" width=\"500\" height=\"344\" srcset=\"https:\/\/www.sudoestehoje.com.br\/novoportal\/wp-content\/uploads\/2022\/01\/Marcos-Santos_USP-Imagens_6-1024x704-1-500x344.jpg 500w, https:\/\/www.sudoestehoje.com.br\/novoportal\/wp-content\/uploads\/2022\/01\/Marcos-Santos_USP-Imagens_6-1024x704-1-700x481.jpg 700w, https:\/\/www.sudoestehoje.com.br\/novoportal\/wp-content\/uploads\/2022\/01\/Marcos-Santos_USP-Imagens_6-1024x704-1-768x528.jpg 768w, https:\/\/www.sudoestehoje.com.br\/novoportal\/wp-content\/uploads\/2022\/01\/Marcos-Santos_USP-Imagens_6-1024x704-1.jpg 1024w\" sizes=\"auto, (max-width: 500px) 100vw, 500px\" \/><\/a><\/p>\n<p>Uma decis\u00e3o do Conselho Nacional de Educa\u00e7\u00e3o (CNE) estabeleceu que, diante dos impactos da terceira onda da pandemia de Covid-19 no Brasil, as escolas p\u00fablicas e particulares poder\u00e3o oferecer aulas remotas, h\u00edbridas ou gravadas ao longo deste ano letivo.<\/p>\n<p>De acordo com uma nota publicada pelo CNE, o retorno presencial deve ser a prioridade, mas os centros educacionais poder\u00e3o adotar provid\u00eancias e modelos do ensino a dist\u00e2ncia, temporariamente, durante per\u00edodos de crise sanit\u00e1ria.<\/p>\n","protected":false},"excerpt":{"rendered":"<p>Uma decis\u00e3o do Conselho Nacional de Educa\u00e7\u00e3o (CNE) estabeleceu que, diante dos impactos da terceira onda da pandemia de Covid-19 no Brasil, as escolas p\u00fablicas e particulares poder\u00e3o oferecer aulas remotas, h\u00edbridas ou gravadas ao longo deste ano letivo. De acordo com uma nota publicada pelo CNE, o retorno presencial deve ser a prioridade, mas [&hellip;]<\/p>\n","protected":false},"author":2,"featured_media":99998,"comment_status":"open","ping_status":"open","sticky":false,"template":"","format":"standard","meta":{"footnotes":"","_links_to":"","_links_to_target":""},"categories":[1],"tags":[],"class_list":["post-99996","post","type-post","status-publish","format-standard","has-post-thumbnail","hentry","category-geral"],"views":1056,"_links":{"self":[{"href":"https:\/\/www.sudoestehoje.com.br\/novoportal\/wp-json\/wp\/v2\/posts\/99996","targetHints":{"allow":["GET"]}}],"collection":[{"href":"https:\/\/www.sudoestehoje.com.br\/novoportal\/wp-json\/wp\/v2\/posts"}],"about":[{"href":"https:\/\/www.sudoestehoje.com.br\/novoportal\/wp-json\/wp\/v2\/types\/post"}],"author":[{"embeddable":true,"href":"https:\/\/www.sudoestehoje.com.br\/novoportal\/wp-json\/wp\/v2\/users\/2"}],"replies":[{"embeddable":true,"href":"https:\/\/www.sudoestehoje.com.br\/novoportal\/wp-json\/wp\/v2\/comments?post=99996"}],"version-history":[{"count":2,"href":"https:\/\/www.sudoestehoje.com.br\/novoportal\/wp-json\/wp\/v2\/posts\/99996\/revisions"}],"predecessor-version":[{"id":99999,"href":"https:\/\/www.sudoestehoje.com.br\/novoportal\/wp-json\/wp\/v2\/posts\/99996\/revisions\/99999"}],"wp:featuredmedia":[{"embeddable":true,"href":"https:\/\/www.sudoestehoje.com.br\/novoportal\/wp-json\/wp\/v2\/media\/99998"}],"wp:attachment":[{"href":"https:\/\/www.sudoestehoje.com.br\/novoportal\/wp-json\/wp\/v2\/media?parent=99996"}],"wp:term":[{"taxonomy":"category","embeddable":true,"href":"https:\/\/www.sudoestehoje.com.br\/novoportal\/wp-json\/wp\/v2\/categories?post=99996"},{"taxonomy":"post_tag","embeddable":true,"href":"https:\/\/www.sudoestehoje.com.br\/novoportal\/wp-json\/wp\/v2\/tags?post=99996"}],"curies":[{"name":"wp","href":"https:\/\/api.w.org\/{rel}","templated":true}]}}