
{"id":99986,"date":"2022-01-28T20:26:08","date_gmt":"2022-01-28T23:26:08","guid":{"rendered":"https:\/\/www.sudoestehoje.com.br\/novoportal\/?p=99986"},"modified":"2022-01-28T20:26:08","modified_gmt":"2022-01-28T23:26:08","slug":"a-irritacao-de-wagner-a-bronca-da-base-com-rui-e-o-medo-da-debandada","status":"publish","type":"post","link":"https:\/\/www.sudoestehoje.com.br\/novoportal\/2022\/01\/28\/a-irritacao-de-wagner-a-bronca-da-base-com-rui-e-o-medo-da-debandada\/","title":{"rendered":"A IRRITA\u00c7\u00c3O DE WAGNER, A BRONCA DA BASE COM RUI E O MEDO DA DEBANDADA"},"content":{"rendered":"<p><a href=\"https:\/\/www.sudoestehoje.com.br\/novoportal\/wp-content\/uploads\/2022\/01\/csm_jaqueswagnercoluna_politica_alo_alo_bahia.jpg_65c86e71dd.png\"><img loading=\"lazy\" decoding=\"async\" class=\"aligncenter size-medium wp-image-99987\" src=\"https:\/\/www.sudoestehoje.com.br\/novoportal\/wp-content\/uploads\/2022\/01\/csm_jaqueswagnercoluna_politica_alo_alo_bahia.jpg_65c86e71dd-500x313.png\" alt=\"\" width=\"500\" height=\"313\" srcset=\"https:\/\/www.sudoestehoje.com.br\/novoportal\/wp-content\/uploads\/2022\/01\/csm_jaqueswagnercoluna_politica_alo_alo_bahia.jpg_65c86e71dd-500x313.png 500w, https:\/\/www.sudoestehoje.com.br\/novoportal\/wp-content\/uploads\/2022\/01\/csm_jaqueswagnercoluna_politica_alo_alo_bahia.jpg_65c86e71dd-700x438.png 700w, https:\/\/www.sudoestehoje.com.br\/novoportal\/wp-content\/uploads\/2022\/01\/csm_jaqueswagnercoluna_politica_alo_alo_bahia.jpg_65c86e71dd-768x480.png 768w, https:\/\/www.sudoestehoje.com.br\/novoportal\/wp-content\/uploads\/2022\/01\/csm_jaqueswagnercoluna_politica_alo_alo_bahia.jpg_65c86e71dd.png 940w\" sizes=\"auto, (max-width: 500px) 100vw, 500px\" \/><\/a><\/p>\n<p class=\"bodytext\"><strong>Galego vermelho\u00a0<\/strong><\/p>\n<p class=\"bodytext\">Quem conhece a postura calma do senador Jaques Wagner (PT) estranhou a subida de tom do pol\u00edtico nos \u00faltimos dias, atacando publicamente antigos aliados, o que gerou nos bastidores um questionamento: o que est\u00e1 deixando o senador petista t\u00e3o irritado? Observadores da cena pol\u00edtica acreditam que a raz\u00e3o para a irrita\u00e7\u00e3o \u00e9 que &#8220;o bicho est\u00e1 ficando feio para o grupo do PT&#8221; devido a uma j\u00e1 iniciada &#8220;debandada&#8221; do grupo do senador para o lado de ACM Neto, al\u00e9m da quest\u00e3o de que Wagner n\u00e3o decola nas pesquisas de inten\u00e7\u00e3o de votos.<\/p>\n<div class=\"single-publicidade\">\n<div id=\"minhabahia_300x250_01\" data-google-query-id=\"CP23m-DK1fUCFUMyuQYdryMFcA\">\n<div id=\"google_ads_iframe_\/44585206\/c24h_minhabahia_300x250_01_0__container__\"><strong>Base ressentida\u00a0<\/strong><\/div>\n<\/div>\n<\/div>\n<p class=\"bodytext\">Fontes governistas dizem tamb\u00e9m que Wagner tem encontrado dificuldades no di\u00e1logo com parlamentares e lideran\u00e7as da base aliada. O motivo da resist\u00eancia \u00e9 o &#8220;tratamento r\u00edspido&#8221; dado pelo governador Rui Costa (PT) aos aliados nos \u00faltimos anos. &#8220;O fato \u00e9 que Rui sempre maltratou a base, e isso deixou muitos magoados. Alguns casos s\u00e3o irrevers\u00edveis&#8221;, confidenciou um deputado em conversa com a coluna.<\/p>\n<div class=\"single-publicidade\">\n<div id=\"div-gpt-ad-1558981264142-0\"><strong>Quem fala o que quer\u2026\u00a0<\/strong><\/div>\n<\/div>\n<p class=\"bodytext\">Por falar em Wagner, gerou rea\u00e7\u00f5es a declara\u00e7\u00e3o do senador de que o PDT &#8220;s\u00f3 ganhou embarrigamento&#8221; na base de Neto. O presidente estadual do PDT, o deputado F\u00e9lix Mendon\u00e7a Jr, disse n\u00e3o ter sido procurado por Wagner para conversar e at\u00e9 ironizou: &#8220;Eu n\u00e3o sei por que Wagner est\u00e1 t\u00e3o preocupado com a composi\u00e7\u00e3o da chapa advers\u00e1ria&#8221;. Disse ainda que est\u00e1 &#8220;conversando em alto n\u00edvel&#8221; com ACM Neto e que o ex-prefeito da capital at\u00e9 firmou dois compromissos program\u00e1ticos com o partido: melhorar a educa\u00e7\u00e3o e toler\u00e2ncia zero com a viol\u00eancia.<\/p>\n<div class=\"single-publicidade\">\n<div id=\"div-gpt-ad-1558981401166-0\"><strong>A porta da rua\u2026\u00a0<\/strong><\/div>\n<\/div>\n<p class=\"bodytext\">O deputado estadual Roberto Carlos viu cair por terra seu sonho de levar o PDT de volta \u00e0 base petista no estado. Em jogo combinado com integrantes do Pal\u00e1cio de Ondina, o parlamentar intensificou conversas, inclusive com a executiva nacional do PDT, para tentar retomar a alian\u00e7a e, inclusive, demonstrou preocupa\u00e7\u00e3o com cargos que tem no governo do estado. Contudo, ouviu de caciques pedetistas nacionais o mesmo que j\u00e1 tinha ouvido de estaduais: a sigla est\u00e1 alinhada a ACM Neto no estado e, caso o deputado n\u00e3o esteja interessado no apoio ao ex-prefeito de Salvador, deve procurar outro partido. Em outras palavras: a porta da rua \u00e9 serventia da casa.<\/p>\n<div class=\"single-publicidade\">\n<div id=\"div-gpt-ad-1558985512674-0\"><strong>Di\u00e1logo\u00a0<\/strong><\/div>\n<\/div>\n<p class=\"bodytext\">O presidente nacional do PDT, Carlos Luppi, vem \u00e0 Bahia em fevereiro. Al\u00e9m de conversar com integrantes do partido no estado, na pauta interna da legenda est\u00e1 o planejamento para as elei\u00e7\u00f5es deste ano. Luppi deve ter encontro tamb\u00e9m com o pr\u00e9-candidato ao governo ACM Neto. \/\/<em>Correio<\/em><\/p>\n","protected":false},"excerpt":{"rendered":"<p>Galego vermelho\u00a0 Quem conhece a postura calma do senador Jaques Wagner (PT) estranhou a subida de tom do pol\u00edtico nos \u00faltimos dias, atacando publicamente antigos aliados, o que gerou nos bastidores um questionamento: o que est\u00e1 deixando o senador petista t\u00e3o irritado? Observadores da cena pol\u00edtica acreditam que a raz\u00e3o para a irrita\u00e7\u00e3o \u00e9 que [&hellip;]<\/p>\n","protected":false},"author":2,"featured_media":99987,"comment_status":"open","ping_status":"open","sticky":false,"template":"","format":"standard","meta":{"footnotes":"","_links_to":"","_links_to_target":""},"categories":[1],"tags":[],"class_list":["post-99986","post","type-post","status-publish","format-standard","has-post-thumbnail","hentry","category-geral"],"views":1277,"_links":{"self":[{"href":"https:\/\/www.sudoestehoje.com.br\/novoportal\/wp-json\/wp\/v2\/posts\/99986","targetHints":{"allow":["GET"]}}],"collection":[{"href":"https:\/\/www.sudoestehoje.com.br\/novoportal\/wp-json\/wp\/v2\/posts"}],"about":[{"href":"https:\/\/www.sudoestehoje.com.br\/novoportal\/wp-json\/wp\/v2\/types\/post"}],"author":[{"embeddable":true,"href":"https:\/\/www.sudoestehoje.com.br\/novoportal\/wp-json\/wp\/v2\/users\/2"}],"replies":[{"embeddable":true,"href":"https:\/\/www.sudoestehoje.com.br\/novoportal\/wp-json\/wp\/v2\/comments?post=99986"}],"version-history":[{"count":2,"href":"https:\/\/www.sudoestehoje.com.br\/novoportal\/wp-json\/wp\/v2\/posts\/99986\/revisions"}],"predecessor-version":[{"id":99989,"href":"https:\/\/www.sudoestehoje.com.br\/novoportal\/wp-json\/wp\/v2\/posts\/99986\/revisions\/99989"}],"wp:featuredmedia":[{"embeddable":true,"href":"https:\/\/www.sudoestehoje.com.br\/novoportal\/wp-json\/wp\/v2\/media\/99987"}],"wp:attachment":[{"href":"https:\/\/www.sudoestehoje.com.br\/novoportal\/wp-json\/wp\/v2\/media?parent=99986"}],"wp:term":[{"taxonomy":"category","embeddable":true,"href":"https:\/\/www.sudoestehoje.com.br\/novoportal\/wp-json\/wp\/v2\/categories?post=99986"},{"taxonomy":"post_tag","embeddable":true,"href":"https:\/\/www.sudoestehoje.com.br\/novoportal\/wp-json\/wp\/v2\/tags?post=99986"}],"curies":[{"name":"wp","href":"https:\/\/api.w.org\/{rel}","templated":true}]}}