
{"id":99932,"date":"2022-01-27T08:09:48","date_gmt":"2022-01-27T11:09:48","guid":{"rendered":"https:\/\/www.sudoestehoje.com.br\/novoportal\/?p=99932"},"modified":"2022-01-27T08:24:20","modified_gmt":"2022-01-27T11:24:20","slug":"deputados-adolfo-menezes-e-gabriel-nunes-visitam-caatiba-na-festa-do-padroeiro","status":"publish","type":"post","link":"https:\/\/www.sudoestehoje.com.br\/novoportal\/2022\/01\/27\/deputados-adolfo-menezes-e-gabriel-nunes-visitam-caatiba-na-festa-do-padroeiro\/","title":{"rendered":"DEPUTADOS ADOLFO MENEZES E JOS\u00c9 NUNES VISITAM CAATIBA NA FESTA DO PADROEIRO"},"content":{"rendered":"<p><a href=\"https:\/\/www.sudoestehoje.com.br\/novoportal\/wp-content\/uploads\/2022\/01\/WhatsApp-Image-2022-01-27-at-07.32.15.jpeg\"><img loading=\"lazy\" decoding=\"async\" class=\"aligncenter size-medium wp-image-99935\" src=\"https:\/\/www.sudoestehoje.com.br\/novoportal\/wp-content\/uploads\/2022\/01\/WhatsApp-Image-2022-01-27-at-07.32.15-500x375.jpeg\" alt=\"\" width=\"500\" height=\"375\" srcset=\"https:\/\/www.sudoestehoje.com.br\/novoportal\/wp-content\/uploads\/2022\/01\/WhatsApp-Image-2022-01-27-at-07.32.15-500x375.jpeg 500w, https:\/\/www.sudoestehoje.com.br\/novoportal\/wp-content\/uploads\/2022\/01\/WhatsApp-Image-2022-01-27-at-07.32.15-700x525.jpeg 700w, https:\/\/www.sudoestehoje.com.br\/novoportal\/wp-content\/uploads\/2022\/01\/WhatsApp-Image-2022-01-27-at-07.32.15-768x576.jpeg 768w, https:\/\/www.sudoestehoje.com.br\/novoportal\/wp-content\/uploads\/2022\/01\/WhatsApp-Image-2022-01-27-at-07.32.15.jpeg 1024w\" sizes=\"auto, (max-width: 500px) 100vw, 500px\" \/><\/a><\/p>\n<p>Nesta \u00faltima ter\u00e7a-feira (25), o munic\u00edpio de Caatiba recebeu a visita do deputado e presidente da ALBA Adolfo Menezes, do deputado Federal Jos\u00e9 Nunes e do pr\u00e9-candidato a deputado federal Gabriel Nunes.<\/p>\n<p>Os ilustres visitantes agendaram o momento no munic\u00edpio de Caatiba para prestigiarem uma das festas religiosas mais tradicionais da cidade que \u00e9 a festa do padroeiro, entretanto o momento tornou-se oportuno para tamb\u00e9m serem elencadas e discutidas algumas demandas do munic\u00edpio.<\/p>\n<p>Conjuntamente com a Prefeita T\u00e2nia Ribeiro, o Vice Humberto Antunes e alguns vereadores os deputados e Gabriel Nunes destacaram os \u00faltimos fatos ocorridos em decorr\u00eancia das fortes chuvas na regi\u00e3o que ocasionaram in\u00fameros danos na \u00e1rea rural, e sens\u00edveis ao problema, os deputados estar\u00e3o viabilizando emendas parlamentares de custeio para serem destinas a recupera\u00e7\u00e3o das estradas vicinais, como tamb\u00e9m emendas propiciando a\u00e7\u00f5es na \u00e1rea da sa\u00fade.<\/p>\n<p>Tamb\u00e9m foi pautado pelos deputados a execu\u00e7\u00e3o dos servi\u00e7os de recupera\u00e7\u00e3o da estrada que liga o munic\u00edpio de Caatiba a Itapetinga. O projeto de recupera\u00e7\u00e3o total da BA 646 viabilizada pelos deputados j\u00e1 ser\u00e1 licitada e trar\u00e1 de volta as condi\u00e7\u00f5es favor\u00e1veis de tr\u00e1fego nesta importante via no munic\u00edpios. \/\/ <em><strong>Ascom<\/strong><\/em><\/p>\n\n\t\t<style type=\"text\/css\">\n\t\t\t#gallery-1 {\n\t\t\t\tmargin: auto;\n\t\t\t}\n\t\t\t#gallery-1 .gallery-item {\n\t\t\t\tfloat: left;\n\t\t\t\tmargin-top: 10px;\n\t\t\t\ttext-align: center;\n\t\t\t\twidth: 33%;\n\t\t\t}\n\t\t\t#gallery-1 img {\n\t\t\t\tborder: 2px solid #cfcfcf;\n\t\t\t}\n\t\t\t#gallery-1 .gallery-caption {\n\t\t\t\tmargin-left: 0;\n\t\t\t}\n\t\t\t\/* see gallery_shortcode() in wp-includes\/media.php *\/\n\t\t<\/style>\n\t\t<div id='gallery-1' class='gallery galleryid-99932 gallery-columns-3 gallery-size-thumbnail'><dl class='gallery-item'>\n\t\t\t<dt class='gallery-icon landscape'>\n\t\t\t\t<a href='https:\/\/www.sudoestehoje.com.br\/novoportal\/2022\/01\/27\/deputados-adolfo-menezes-e-gabriel-nunes-visitam-caatiba-na-festa-do-padroeiro\/whatsapp-image-2022-01-27-at-07-32-15-1\/'><img loading=\"lazy\" decoding=\"async\" width=\"150\" height=\"150\" src=\"https:\/\/www.sudoestehoje.com.br\/novoportal\/wp-content\/uploads\/2022\/01\/WhatsApp-Image-2022-01-27-at-07.32.15-1-150x150.jpeg\" class=\"attachment-thumbnail size-thumbnail\" alt=\"\" \/><\/a>\n\t\t\t<\/dt><\/dl><dl class='gallery-item'>\n\t\t\t<dt class='gallery-icon landscape'>\n\t\t\t\t<a href='https:\/\/www.sudoestehoje.com.br\/novoportal\/2022\/01\/27\/deputados-adolfo-menezes-e-gabriel-nunes-visitam-caatiba-na-festa-do-padroeiro\/whatsapp-image-2022-01-27-at-07-32-15-2\/'><img loading=\"lazy\" decoding=\"async\" width=\"150\" height=\"150\" src=\"https:\/\/www.sudoestehoje.com.br\/novoportal\/wp-content\/uploads\/2022\/01\/WhatsApp-Image-2022-01-27-at-07.32.15-2-150x150.jpeg\" class=\"attachment-thumbnail size-thumbnail\" alt=\"\" \/><\/a>\n\t\t\t<\/dt><\/dl><dl class='gallery-item'>\n\t\t\t<dt class='gallery-icon landscape'>\n\t\t\t\t<a href='https:\/\/www.sudoestehoje.com.br\/novoportal\/2022\/01\/27\/deputados-adolfo-menezes-e-gabriel-nunes-visitam-caatiba-na-festa-do-padroeiro\/whatsapp-image-2022-01-27-at-07-32-15-3\/'><img loading=\"lazy\" decoding=\"async\" width=\"150\" height=\"150\" src=\"https:\/\/www.sudoestehoje.com.br\/novoportal\/wp-content\/uploads\/2022\/01\/WhatsApp-Image-2022-01-27-at-07.32.15-3-150x150.jpeg\" class=\"attachment-thumbnail size-thumbnail\" alt=\"\" \/><\/a>\n\t\t\t<\/dt><\/dl><br style=\"clear: both\" \/>\n\t\t<\/div>\n\n","protected":false},"excerpt":{"rendered":"<p>Nesta \u00faltima ter\u00e7a-feira (25), o munic\u00edpio de Caatiba recebeu a visita do deputado e presidente da ALBA Adolfo Menezes, do deputado Federal Jos\u00e9 Nunes e do pr\u00e9-candidato a deputado federal Gabriel Nunes. Os ilustres visitantes agendaram o momento no munic\u00edpio de Caatiba para prestigiarem uma das festas religiosas mais tradicionais da cidade que \u00e9 a [&hellip;]<\/p>\n","protected":false},"author":2,"featured_media":99935,"comment_status":"open","ping_status":"open","sticky":false,"template":"","format":"standard","meta":{"footnotes":"","_links_to":"","_links_to_target":""},"categories":[1],"tags":[],"class_list":["post-99932","post","type-post","status-publish","format-standard","has-post-thumbnail","hentry","category-geral"],"views":1739,"_links":{"self":[{"href":"https:\/\/www.sudoestehoje.com.br\/novoportal\/wp-json\/wp\/v2\/posts\/99932","targetHints":{"allow":["GET"]}}],"collection":[{"href":"https:\/\/www.sudoestehoje.com.br\/novoportal\/wp-json\/wp\/v2\/posts"}],"about":[{"href":"https:\/\/www.sudoestehoje.com.br\/novoportal\/wp-json\/wp\/v2\/types\/post"}],"author":[{"embeddable":true,"href":"https:\/\/www.sudoestehoje.com.br\/novoportal\/wp-json\/wp\/v2\/users\/2"}],"replies":[{"embeddable":true,"href":"https:\/\/www.sudoestehoje.com.br\/novoportal\/wp-json\/wp\/v2\/comments?post=99932"}],"version-history":[{"count":6,"href":"https:\/\/www.sudoestehoje.com.br\/novoportal\/wp-json\/wp\/v2\/posts\/99932\/revisions"}],"predecessor-version":[{"id":99942,"href":"https:\/\/www.sudoestehoje.com.br\/novoportal\/wp-json\/wp\/v2\/posts\/99932\/revisions\/99942"}],"wp:featuredmedia":[{"embeddable":true,"href":"https:\/\/www.sudoestehoje.com.br\/novoportal\/wp-json\/wp\/v2\/media\/99935"}],"wp:attachment":[{"href":"https:\/\/www.sudoestehoje.com.br\/novoportal\/wp-json\/wp\/v2\/media?parent=99932"}],"wp:term":[{"taxonomy":"category","embeddable":true,"href":"https:\/\/www.sudoestehoje.com.br\/novoportal\/wp-json\/wp\/v2\/categories?post=99932"},{"taxonomy":"post_tag","embeddable":true,"href":"https:\/\/www.sudoestehoje.com.br\/novoportal\/wp-json\/wp\/v2\/tags?post=99932"}],"curies":[{"name":"wp","href":"https:\/\/api.w.org\/{rel}","templated":true}]}}