
{"id":99923,"date":"2022-01-25T13:28:26","date_gmt":"2022-01-25T16:28:26","guid":{"rendered":"https:\/\/www.sudoestehoje.com.br\/novoportal\/?p=99923"},"modified":"2022-01-25T17:31:45","modified_gmt":"2022-01-25T20:31:45","slug":"itapetinga-novo-projeto-beneficiara-profissionais-da-educacao-no-municipio","status":"publish","type":"post","link":"https:\/\/www.sudoestehoje.com.br\/novoportal\/2022\/01\/25\/itapetinga-novo-projeto-beneficiara-profissionais-da-educacao-no-municipio\/","title":{"rendered":"ITAPETINGA: NOVO PROJETO BENEFICIAR\u00c1 PROFISSIONAIS DA EDUCA\u00c7\u00c3O NO MUNIC\u00cdPIO"},"content":{"rendered":"<p><a href=\"https:\/\/www.sudoestehoje.com.br\/novoportal\/wp-content\/uploads\/2022\/01\/WhatsApp-Image-2022-01-25-at-10.22.53-990x556-1.jpeg\"><img loading=\"lazy\" decoding=\"async\" class=\"aligncenter size-medium wp-image-99925\" src=\"https:\/\/www.sudoestehoje.com.br\/novoportal\/wp-content\/uploads\/2022\/01\/WhatsApp-Image-2022-01-25-at-10.22.53-990x556-1-500x281.jpeg\" alt=\"\" width=\"500\" height=\"281\" srcset=\"https:\/\/www.sudoestehoje.com.br\/novoportal\/wp-content\/uploads\/2022\/01\/WhatsApp-Image-2022-01-25-at-10.22.53-990x556-1-500x281.jpeg 500w, https:\/\/www.sudoestehoje.com.br\/novoportal\/wp-content\/uploads\/2022\/01\/WhatsApp-Image-2022-01-25-at-10.22.53-990x556-1-700x393.jpeg 700w, https:\/\/www.sudoestehoje.com.br\/novoportal\/wp-content\/uploads\/2022\/01\/WhatsApp-Image-2022-01-25-at-10.22.53-990x556-1-768x431.jpeg 768w, https:\/\/www.sudoestehoje.com.br\/novoportal\/wp-content\/uploads\/2022\/01\/WhatsApp-Image-2022-01-25-at-10.22.53-990x556-1.jpeg 990w\" sizes=\"auto, (max-width: 500px) 100vw, 500px\" \/><\/a><\/p>\n<p>Nesta semana, o Prefeito Rodrigo Hagge enviar\u00e1 \u00e0 C\u00e2mara Municipal de Vereadores o projeto de lei que, mais uma vez, beneficiar\u00e1 os profissionais da educa\u00e7\u00e3o b\u00e1sica efetivos e contratados.<\/p>\n<p>Ap\u00f3s a promulga\u00e7\u00e3o da lei federal N\u00ba 14.276\/2021, os munic\u00edpios poder\u00e3o, ap\u00f3s fechado o balan\u00e7o cont\u00e1bil, utilizar o saldo de 70% dos recursos anuais do FUNDEB como forma bonifica\u00e7\u00e3o ou abono.<\/p>\n<p>O rateio ser\u00e1 feito entre todos os profissionais que atuaram em, pelo menos, 2\/3 dos meses letivos de 2021 e o montante individual ser\u00e1 calculado de acordo com a carga hor\u00e1ria de cada um.<\/p>\n<p>\u201cA gente tem buscado formas de valorizar todos os profissionais da rede municipal de educa\u00e7\u00e3o. N\u00e3o se faz uma cidade educadora sem profissionais motivados, reconhecidos e valorizados. Para continuar se desenvolvendo, \u00e9 preciso investir no futuro dos nossos jovens. N\u00e3o h\u00e1 futuro sem educa\u00e7\u00e3o e a educa\u00e7\u00e3o passa, invariavelmente, pelos professores e por toda uma rede de ensino que precisa ser fomentada\u201d, disse o prefeito Rodrigo Hagge ao lembrar, tamb\u00e9m, que a medida vai injetar ainda mais recursos na economia local, gerando um ciclo poderoso de desenvolvimento.<\/p>\n","protected":false},"excerpt":{"rendered":"<p>Nesta semana, o Prefeito Rodrigo Hagge enviar\u00e1 \u00e0 C\u00e2mara Municipal de Vereadores o projeto de lei que, mais uma vez, beneficiar\u00e1 os profissionais da educa\u00e7\u00e3o b\u00e1sica efetivos e contratados. Ap\u00f3s a promulga\u00e7\u00e3o da lei federal N\u00ba 14.276\/2021, os munic\u00edpios poder\u00e3o, ap\u00f3s fechado o balan\u00e7o cont\u00e1bil, utilizar o saldo de 70% dos recursos anuais do FUNDEB [&hellip;]<\/p>\n","protected":false},"author":2,"featured_media":99925,"comment_status":"open","ping_status":"open","sticky":false,"template":"","format":"standard","meta":{"footnotes":"","_links_to":"","_links_to_target":""},"categories":[1],"tags":[],"class_list":["post-99923","post","type-post","status-publish","format-standard","has-post-thumbnail","hentry","category-geral"],"views":802,"_links":{"self":[{"href":"https:\/\/www.sudoestehoje.com.br\/novoportal\/wp-json\/wp\/v2\/posts\/99923","targetHints":{"allow":["GET"]}}],"collection":[{"href":"https:\/\/www.sudoestehoje.com.br\/novoportal\/wp-json\/wp\/v2\/posts"}],"about":[{"href":"https:\/\/www.sudoestehoje.com.br\/novoportal\/wp-json\/wp\/v2\/types\/post"}],"author":[{"embeddable":true,"href":"https:\/\/www.sudoestehoje.com.br\/novoportal\/wp-json\/wp\/v2\/users\/2"}],"replies":[{"embeddable":true,"href":"https:\/\/www.sudoestehoje.com.br\/novoportal\/wp-json\/wp\/v2\/comments?post=99923"}],"version-history":[{"count":2,"href":"https:\/\/www.sudoestehoje.com.br\/novoportal\/wp-json\/wp\/v2\/posts\/99923\/revisions"}],"predecessor-version":[{"id":99926,"href":"https:\/\/www.sudoestehoje.com.br\/novoportal\/wp-json\/wp\/v2\/posts\/99923\/revisions\/99926"}],"wp:featuredmedia":[{"embeddable":true,"href":"https:\/\/www.sudoestehoje.com.br\/novoportal\/wp-json\/wp\/v2\/media\/99925"}],"wp:attachment":[{"href":"https:\/\/www.sudoestehoje.com.br\/novoportal\/wp-json\/wp\/v2\/media?parent=99923"}],"wp:term":[{"taxonomy":"category","embeddable":true,"href":"https:\/\/www.sudoestehoje.com.br\/novoportal\/wp-json\/wp\/v2\/categories?post=99923"},{"taxonomy":"post_tag","embeddable":true,"href":"https:\/\/www.sudoestehoje.com.br\/novoportal\/wp-json\/wp\/v2\/tags?post=99923"}],"curies":[{"name":"wp","href":"https:\/\/api.w.org\/{rel}","templated":true}]}}