
{"id":99891,"date":"2022-01-24T08:57:07","date_gmt":"2022-01-24T11:57:07","guid":{"rendered":"https:\/\/www.sudoestehoje.com.br\/novoportal\/?p=99891"},"modified":"2022-01-24T08:57:07","modified_gmt":"2022-01-24T11:57:07","slug":"atuacao-do-vereador-helder-ladeia-agrada-populacao-de-bandeira-do-colonia","status":"publish","type":"post","link":"https:\/\/www.sudoestehoje.com.br\/novoportal\/2022\/01\/24\/atuacao-do-vereador-helder-ladeia-agrada-populacao-de-bandeira-do-colonia\/","title":{"rendered":"ATUA\u00c7\u00c3O DO VEREADOR H\u00c9LDER LADEIA AGRADA POPULA\u00c7\u00c3O DE BANDEIRA DO COL\u00d4NIA"},"content":{"rendered":"<p><a href=\"https:\/\/www.sudoestehoje.com.br\/novoportal\/wp-content\/uploads\/2022\/01\/HELDER-1-500x348-1.jpeg\"><img loading=\"lazy\" decoding=\"async\" class=\"aligncenter size-full wp-image-99896\" src=\"https:\/\/www.sudoestehoje.com.br\/novoportal\/wp-content\/uploads\/2022\/01\/HELDER-1-500x348-1.jpeg\" alt=\"\" width=\"500\" height=\"348\" \/><\/a><\/p>\n<p>Eleito em 2020 com mais de 900 votos no distrito de Bandeira do Col\u00f4nia, em Itapetinga, o ent\u00e3o jovem promissor Helder Ladeia, uma simples aposta e esperan\u00e7a da popula\u00e7\u00e3o local, se transformou em um pol\u00edtico atuante e experiente, que vem agradando aos seus eleitores e toda a comunidade do munic\u00edpio.<\/p>\n<p>Pacato, atencioso e diligente, H\u00e9lder de Bandeira, como passou a ser chamado, tem atuado ao lado da administra\u00e7\u00e3o distrital em todas as a\u00e7\u00f5es da prefeitura, principalmente na \u00e1rea da sa\u00fade, onde \u00e9 lotado h\u00e1 anos como servidor municipal.<\/p>\n<p><a href=\"https:\/\/www.sudoestehoje.com.br\/novoportal\/wp-content\/uploads\/2022\/01\/HELDER-BANDEIRA.jpeg\"><img loading=\"lazy\" decoding=\"async\" class=\"aligncenter size-full wp-image-99897\" src=\"https:\/\/www.sudoestehoje.com.br\/novoportal\/wp-content\/uploads\/2022\/01\/HELDER-BANDEIRA.jpeg\" alt=\"\" width=\"500\" height=\"375\" \/><\/a><\/p>\n<p>Durante o per\u00edodo das chuvas que atingiram Bandeira e a vizinha cidade de Itoror\u00f3, Helder atuou decisivamente com sua equipe de assessores, amparando as pessoas atingidas pela cheia do Rio Col\u00f4nia, que foi devastadora, juntamente com as equipes\u00a0 do munic\u00edpio, da Defesa Civil e do pr\u00f3prio prefeito Rodrigo Hagge, mostrando que o verdadeiro papel do vereador vai muito al\u00e9m dos debates pol\u00edticos e articula\u00e7\u00f5es, t\u00e3o comuns nos meios de imprensa e bastidores da C\u00e2mara Municipal.<\/p>\n<p>Helder \u00e9 uma revela\u00e7\u00e3o na pol\u00edtica local e tem tudo para se transformar em uma forte lideran\u00e7a no munic\u00edpio de Itapetinga, nos pr\u00f3ximos mandatos que certamente conquistar\u00e1.<\/p>\n<p><a href=\"https:\/\/www.sudoestehoje.com.br\/novoportal\/wp-content\/uploads\/2022\/01\/band-7.jpeg\"><img loading=\"lazy\" decoding=\"async\" class=\"aligncenter size-medium wp-image-99898\" src=\"https:\/\/www.sudoestehoje.com.br\/novoportal\/wp-content\/uploads\/2022\/01\/band-7-500x375.jpeg\" alt=\"\" width=\"500\" height=\"375\" srcset=\"https:\/\/www.sudoestehoje.com.br\/novoportal\/wp-content\/uploads\/2022\/01\/band-7-500x375.jpeg 500w, https:\/\/www.sudoestehoje.com.br\/novoportal\/wp-content\/uploads\/2022\/01\/band-7-700x525.jpeg 700w, https:\/\/www.sudoestehoje.com.br\/novoportal\/wp-content\/uploads\/2022\/01\/band-7-768x576.jpeg 768w, https:\/\/www.sudoestehoje.com.br\/novoportal\/wp-content\/uploads\/2022\/01\/band-7.jpeg 1040w\" sizes=\"auto, (max-width: 500px) 100vw, 500px\" \/><\/a><\/p>\n<p>Bandeira do Col\u00f4nia t\u00e1 bem representada.<\/p>\n<p><em><strong>Por Davi Ferraz<\/strong><\/em><\/p>\n","protected":false},"excerpt":{"rendered":"<p>Eleito em 2020 com mais de 900 votos no distrito de Bandeira do Col\u00f4nia, em Itapetinga, o ent\u00e3o jovem promissor Helder Ladeia, uma simples aposta e esperan\u00e7a da popula\u00e7\u00e3o local, se transformou em um pol\u00edtico atuante e experiente, que vem agradando aos seus eleitores e toda a comunidade do munic\u00edpio. Pacato, atencioso e diligente, H\u00e9lder [&hellip;]<\/p>\n","protected":false},"author":2,"featured_media":99896,"comment_status":"open","ping_status":"open","sticky":false,"template":"","format":"standard","meta":{"footnotes":"","_links_to":"","_links_to_target":""},"categories":[1],"tags":[],"class_list":["post-99891","post","type-post","status-publish","format-standard","has-post-thumbnail","hentry","category-geral"],"views":857,"_links":{"self":[{"href":"https:\/\/www.sudoestehoje.com.br\/novoportal\/wp-json\/wp\/v2\/posts\/99891","targetHints":{"allow":["GET"]}}],"collection":[{"href":"https:\/\/www.sudoestehoje.com.br\/novoportal\/wp-json\/wp\/v2\/posts"}],"about":[{"href":"https:\/\/www.sudoestehoje.com.br\/novoportal\/wp-json\/wp\/v2\/types\/post"}],"author":[{"embeddable":true,"href":"https:\/\/www.sudoestehoje.com.br\/novoportal\/wp-json\/wp\/v2\/users\/2"}],"replies":[{"embeddable":true,"href":"https:\/\/www.sudoestehoje.com.br\/novoportal\/wp-json\/wp\/v2\/comments?post=99891"}],"version-history":[{"count":6,"href":"https:\/\/www.sudoestehoje.com.br\/novoportal\/wp-json\/wp\/v2\/posts\/99891\/revisions"}],"predecessor-version":[{"id":99900,"href":"https:\/\/www.sudoestehoje.com.br\/novoportal\/wp-json\/wp\/v2\/posts\/99891\/revisions\/99900"}],"wp:featuredmedia":[{"embeddable":true,"href":"https:\/\/www.sudoestehoje.com.br\/novoportal\/wp-json\/wp\/v2\/media\/99896"}],"wp:attachment":[{"href":"https:\/\/www.sudoestehoje.com.br\/novoportal\/wp-json\/wp\/v2\/media?parent=99891"}],"wp:term":[{"taxonomy":"category","embeddable":true,"href":"https:\/\/www.sudoestehoje.com.br\/novoportal\/wp-json\/wp\/v2\/categories?post=99891"},{"taxonomy":"post_tag","embeddable":true,"href":"https:\/\/www.sudoestehoje.com.br\/novoportal\/wp-json\/wp\/v2\/tags?post=99891"}],"curies":[{"name":"wp","href":"https:\/\/api.w.org\/{rel}","templated":true}]}}