
{"id":99848,"date":"2022-01-20T22:41:14","date_gmt":"2022-01-21T01:41:14","guid":{"rendered":"https:\/\/www.sudoestehoje.com.br\/novoportal\/?p=99848"},"modified":"2022-01-20T22:41:14","modified_gmt":"2022-01-21T01:41:14","slug":"rui-confirma-volta-as-aulas-presenciais-na-rede-estadual-em-11-de-fevereiro","status":"publish","type":"post","link":"https:\/\/www.sudoestehoje.com.br\/novoportal\/2022\/01\/20\/rui-confirma-volta-as-aulas-presenciais-na-rede-estadual-em-11-de-fevereiro\/","title":{"rendered":"RUI CONFIRMA VOLTA \u00c0S AULAS PRESENCIAIS NA REDE ESTADUAL EM 11 DE FEVEREIRO"},"content":{"rendered":"<p><a href=\"https:\/\/www.sudoestehoje.com.br\/novoportal\/wp-content\/uploads\/2022\/01\/bahianoar-pesquisa-ibope-em-salvador-68-nao-concorda-com-a-volta-as-aulas-em-2020-aulas-na-bahia.jpg\"><img loading=\"lazy\" decoding=\"async\" class=\"aligncenter size-medium wp-image-99852\" src=\"https:\/\/www.sudoestehoje.com.br\/novoportal\/wp-content\/uploads\/2022\/01\/bahianoar-pesquisa-ibope-em-salvador-68-nao-concorda-com-a-volta-as-aulas-em-2020-aulas-na-bahia-500x250.jpg\" alt=\"\" width=\"500\" height=\"250\" srcset=\"https:\/\/www.sudoestehoje.com.br\/novoportal\/wp-content\/uploads\/2022\/01\/bahianoar-pesquisa-ibope-em-salvador-68-nao-concorda-com-a-volta-as-aulas-em-2020-aulas-na-bahia-500x250.jpg 500w, https:\/\/www.sudoestehoje.com.br\/novoportal\/wp-content\/uploads\/2022\/01\/bahianoar-pesquisa-ibope-em-salvador-68-nao-concorda-com-a-volta-as-aulas-em-2020-aulas-na-bahia-700x350.jpg 700w, https:\/\/www.sudoestehoje.com.br\/novoportal\/wp-content\/uploads\/2022\/01\/bahianoar-pesquisa-ibope-em-salvador-68-nao-concorda-com-a-volta-as-aulas-em-2020-aulas-na-bahia-768x384.jpg 768w, https:\/\/www.sudoestehoje.com.br\/novoportal\/wp-content\/uploads\/2022\/01\/bahianoar-pesquisa-ibope-em-salvador-68-nao-concorda-com-a-volta-as-aulas-em-2020-aulas-na-bahia.jpg 883w\" sizes=\"auto, (max-width: 500px) 100vw, 500px\" \/><\/a><\/p>\n<p>Em meio ao crescimento de casos de Covid-19 e redu\u00e7\u00e3o do p\u00fablico em eventos, o governador da Bahia,\u00a0Rui Costa (PT), confirmou o retorno das aulas presenciais em todo o estado no pr\u00f3ximo dia 11 de fevereiro.<\/p>\n<p>Durante a entrega de tratores para munic\u00edpios baianos nesta quinta-feira (20), no Parque de Exposi\u00e7\u00f5es de Salvador, Rui diz que vai exigir a vacina\u00e7\u00e3o dos estudantes como condi\u00e7\u00e3o para irem \u00e0s salas de aula.<\/p>\n<p>Aproveitando o retorno do ano letivo, o governador diz que vai organizar uma estrat\u00e9gia com as prefeituras para montar for\u00e7as-tarefas e vacinas os alunos nas pr\u00f3prias escolas. Nas escolas estaduais, os jovens com mais de 12 anos representam de 80 a 85% dos estudantes.<\/p>\n<p>No caso das crian\u00e7as entre 5 e 11 anos, que tiveram recentemente a\u00a0imuniza\u00e7\u00e3o aprovada pela Anvisa\u00a0e autorizada pelo Minist\u00e9rio da Sa\u00fade, o governador afirma que vai conversar com os prefeitos para que fa\u00e7a a mesma &#8220;vacina\u00e7\u00e3o volante&#8221; nas escolas prim\u00e1rias municipais.<\/p>\n<p>Depois de anunciar a\u00a0redu\u00e7\u00e3o de p\u00fablico m\u00e1ximo em eventos para 1500 pessoas, o petista revelou que n\u00e3o pretende no momento adotar medidas de restri\u00e7\u00e3o em outros setores da sociedade.<\/p>\n<p>&#8220;Nesse momento n\u00e3o vamos alcan\u00e7ar nenhuma outra estrutura econ\u00f4mica&#8221;, promete. &#8220;Fa\u00e7o um apelo para que todos fa\u00e7am a sua parte. As escolas voltar\u00e3o dia 11, presencial, n\u00e3o ser\u00e1 h\u00edbrido nem virtual. Inclusive, estou pedindo aos prefeitos que aproveitem o retorno das aulas para montar uma vacina\u00e7\u00e3o volante nas escolas, fazer uma repescagem de vacina\u00e7\u00e3o. Como 80 a 85% dos alunos da rede estadual tem mais de 12 anos, eles j\u00e1 deveriam estar todos vacinados&#8221;, explicou Rui.<\/p>\n<p><strong>SERVIDORES SEM VACINA AFASTADOS<\/strong><\/p>\n<p>Conforme decreto, servidores p\u00fablicos do estado que se recusarem a tomar vacina ser\u00e3o afastados. Rui anunciou que j\u00e1 foram publicados afastamentos no Di\u00e1rio Oficial dos &#8220;concursados&#8221; e as demiss\u00f5es dos contratados sem concurso p\u00fablico.\u00a0&#8220;J\u00e1 publicamos e afastaremos todos&#8221;, avisou.<\/p>\n","protected":false},"excerpt":{"rendered":"<p>Em meio ao crescimento de casos de Covid-19 e redu\u00e7\u00e3o do p\u00fablico em eventos, o governador da Bahia,\u00a0Rui Costa (PT), confirmou o retorno das aulas presenciais em todo o estado no pr\u00f3ximo dia 11 de fevereiro. Durante a entrega de tratores para munic\u00edpios baianos nesta quinta-feira (20), no Parque de Exposi\u00e7\u00f5es de Salvador, Rui diz [&hellip;]<\/p>\n","protected":false},"author":2,"featured_media":99852,"comment_status":"open","ping_status":"open","sticky":false,"template":"","format":"standard","meta":{"footnotes":"","_links_to":"","_links_to_target":""},"categories":[1],"tags":[],"class_list":["post-99848","post","type-post","status-publish","format-standard","has-post-thumbnail","hentry","category-geral"],"views":701,"_links":{"self":[{"href":"https:\/\/www.sudoestehoje.com.br\/novoportal\/wp-json\/wp\/v2\/posts\/99848","targetHints":{"allow":["GET"]}}],"collection":[{"href":"https:\/\/www.sudoestehoje.com.br\/novoportal\/wp-json\/wp\/v2\/posts"}],"about":[{"href":"https:\/\/www.sudoestehoje.com.br\/novoportal\/wp-json\/wp\/v2\/types\/post"}],"author":[{"embeddable":true,"href":"https:\/\/www.sudoestehoje.com.br\/novoportal\/wp-json\/wp\/v2\/users\/2"}],"replies":[{"embeddable":true,"href":"https:\/\/www.sudoestehoje.com.br\/novoportal\/wp-json\/wp\/v2\/comments?post=99848"}],"version-history":[{"count":4,"href":"https:\/\/www.sudoestehoje.com.br\/novoportal\/wp-json\/wp\/v2\/posts\/99848\/revisions"}],"predecessor-version":[{"id":99853,"href":"https:\/\/www.sudoestehoje.com.br\/novoportal\/wp-json\/wp\/v2\/posts\/99848\/revisions\/99853"}],"wp:featuredmedia":[{"embeddable":true,"href":"https:\/\/www.sudoestehoje.com.br\/novoportal\/wp-json\/wp\/v2\/media\/99852"}],"wp:attachment":[{"href":"https:\/\/www.sudoestehoje.com.br\/novoportal\/wp-json\/wp\/v2\/media?parent=99848"}],"wp:term":[{"taxonomy":"category","embeddable":true,"href":"https:\/\/www.sudoestehoje.com.br\/novoportal\/wp-json\/wp\/v2\/categories?post=99848"},{"taxonomy":"post_tag","embeddable":true,"href":"https:\/\/www.sudoestehoje.com.br\/novoportal\/wp-json\/wp\/v2\/tags?post=99848"}],"curies":[{"name":"wp","href":"https:\/\/api.w.org\/{rel}","templated":true}]}}