
{"id":99839,"date":"2022-01-20T09:13:29","date_gmt":"2022-01-20T12:13:29","guid":{"rendered":"https:\/\/www.sudoestehoje.com.br\/novoportal\/?p=99839"},"modified":"2022-01-20T09:13:29","modified_gmt":"2022-01-20T12:13:29","slug":"municipio-de-itapetinga-inicia-vacinacao-de-criancas-contra-a-covid-19","status":"publish","type":"post","link":"https:\/\/www.sudoestehoje.com.br\/novoportal\/2022\/01\/20\/municipio-de-itapetinga-inicia-vacinacao-de-criancas-contra-a-covid-19\/","title":{"rendered":"MUNIC\u00cdPIO DE ITAPETINGA INICIA VACINA\u00c7\u00c3O DE CRIAN\u00c7AS CONTRA A COVID-19"},"content":{"rendered":"<p><a href=\"https:\/\/www.sudoestehoje.com.br\/novoportal\/wp-content\/uploads\/2022\/01\/WhatsApp-Image-2022-01-20-at-09.02.38-990x660-1.jpeg\"><img loading=\"lazy\" decoding=\"async\" class=\"aligncenter size-medium wp-image-99841\" src=\"https:\/\/www.sudoestehoje.com.br\/novoportal\/wp-content\/uploads\/2022\/01\/WhatsApp-Image-2022-01-20-at-09.02.38-990x660-1-500x333.jpeg\" alt=\"\" width=\"500\" height=\"333\" srcset=\"https:\/\/www.sudoestehoje.com.br\/novoportal\/wp-content\/uploads\/2022\/01\/WhatsApp-Image-2022-01-20-at-09.02.38-990x660-1-500x333.jpeg 500w, https:\/\/www.sudoestehoje.com.br\/novoportal\/wp-content\/uploads\/2022\/01\/WhatsApp-Image-2022-01-20-at-09.02.38-990x660-1-700x467.jpeg 700w, https:\/\/www.sudoestehoje.com.br\/novoportal\/wp-content\/uploads\/2022\/01\/WhatsApp-Image-2022-01-20-at-09.02.38-990x660-1-768x512.jpeg 768w, https:\/\/www.sudoestehoje.com.br\/novoportal\/wp-content\/uploads\/2022\/01\/WhatsApp-Image-2022-01-20-at-09.02.38-990x660-1.jpeg 990w\" sizes=\"auto, (max-width: 500px) 100vw, 500px\" \/><\/a><\/p>\n<p>Itapetinga deu in\u00edcio \u00e0 vacina\u00e7\u00e3o de crian\u00e7as de 05 a 11 anos. Com a chegada de 430 doses pedi\u00e1tricas da vacina da Pfizer, o munic\u00edpio iniciou a imuniza\u00e7\u00e3o nos maiores postos de sa\u00fade da cidade.<\/p>\n<p>Buscando humanizar o atendimento e tranquilizar a crian\u00e7ada, alguns PSFs fizeram decora\u00e7\u00e3o tem\u00e1tica, lan\u00e7aram m\u00e3o de fantasias e m\u00fasicas infantis e apostaram em cuidado e carinho na hora de garantir a seguran\u00e7a dos pequenos.<\/p>\n<p>Com a proximidade do rein\u00edcio das aulas, a imuniza\u00e7\u00e3o das crian\u00e7as faz-se ainda mais urgente. Al\u00e9m de protege-las, a vacina reduz a possibilidade de que elas sejam fontes de transmiss\u00e3o. Um estudo americano revelou que a transmiss\u00e3o do novo coronav\u00edrus por pessoas vacinadas acontece por menos tempo do que por quem ainda n\u00e3o foi imunizado.<\/p>\n<p>\u201cTudo que a gente quer \u00e9 que nossas crian\u00e7as possam brincar e crescer com seguran\u00e7a. A vacina n\u00e3o apenas protege a pessoa contra formas graves da doen\u00e7a como ainda reduz a transmiss\u00e3o e, portanto, a circula\u00e7\u00e3o do v\u00edrus entre as pessoas. E s\u00f3 reduzindo a circula\u00e7\u00e3o do v\u00edrus n\u00f3s poderemos dizer que, enfim, vencemos a pandemia\u201d, afirmou o secret\u00e1rio de sa\u00fade, Hugo Sousa.<\/p>\n","protected":false},"excerpt":{"rendered":"<p>Itapetinga deu in\u00edcio \u00e0 vacina\u00e7\u00e3o de crian\u00e7as de 05 a 11 anos. Com a chegada de 430 doses pedi\u00e1tricas da vacina da Pfizer, o munic\u00edpio iniciou a imuniza\u00e7\u00e3o nos maiores postos de sa\u00fade da cidade. Buscando humanizar o atendimento e tranquilizar a crian\u00e7ada, alguns PSFs fizeram decora\u00e7\u00e3o tem\u00e1tica, lan\u00e7aram m\u00e3o de fantasias e m\u00fasicas infantis [&hellip;]<\/p>\n","protected":false},"author":2,"featured_media":99841,"comment_status":"open","ping_status":"open","sticky":false,"template":"","format":"standard","meta":{"footnotes":"","_links_to":"","_links_to_target":""},"categories":[1],"tags":[],"class_list":["post-99839","post","type-post","status-publish","format-standard","has-post-thumbnail","hentry","category-geral"],"views":929,"_links":{"self":[{"href":"https:\/\/www.sudoestehoje.com.br\/novoportal\/wp-json\/wp\/v2\/posts\/99839","targetHints":{"allow":["GET"]}}],"collection":[{"href":"https:\/\/www.sudoestehoje.com.br\/novoportal\/wp-json\/wp\/v2\/posts"}],"about":[{"href":"https:\/\/www.sudoestehoje.com.br\/novoportal\/wp-json\/wp\/v2\/types\/post"}],"author":[{"embeddable":true,"href":"https:\/\/www.sudoestehoje.com.br\/novoportal\/wp-json\/wp\/v2\/users\/2"}],"replies":[{"embeddable":true,"href":"https:\/\/www.sudoestehoje.com.br\/novoportal\/wp-json\/wp\/v2\/comments?post=99839"}],"version-history":[{"count":2,"href":"https:\/\/www.sudoestehoje.com.br\/novoportal\/wp-json\/wp\/v2\/posts\/99839\/revisions"}],"predecessor-version":[{"id":99842,"href":"https:\/\/www.sudoestehoje.com.br\/novoportal\/wp-json\/wp\/v2\/posts\/99839\/revisions\/99842"}],"wp:featuredmedia":[{"embeddable":true,"href":"https:\/\/www.sudoestehoje.com.br\/novoportal\/wp-json\/wp\/v2\/media\/99841"}],"wp:attachment":[{"href":"https:\/\/www.sudoestehoje.com.br\/novoportal\/wp-json\/wp\/v2\/media?parent=99839"}],"wp:term":[{"taxonomy":"category","embeddable":true,"href":"https:\/\/www.sudoestehoje.com.br\/novoportal\/wp-json\/wp\/v2\/categories?post=99839"},{"taxonomy":"post_tag","embeddable":true,"href":"https:\/\/www.sudoestehoje.com.br\/novoportal\/wp-json\/wp\/v2\/tags?post=99839"}],"curies":[{"name":"wp","href":"https:\/\/api.w.org\/{rel}","templated":true}]}}