
{"id":99822,"date":"2022-01-19T21:10:14","date_gmt":"2022-01-20T00:10:14","guid":{"rendered":"https:\/\/www.sudoestehoje.com.br\/novoportal\/?p=99822"},"modified":"2022-01-19T21:10:14","modified_gmt":"2022-01-20T00:10:14","slug":"rui-cancela-show-as-pressas-em-sua-festa-de-aniversario-no-palacio-de-ondina","status":"publish","type":"post","link":"https:\/\/www.sudoestehoje.com.br\/novoportal\/2022\/01\/19\/rui-cancela-show-as-pressas-em-sua-festa-de-aniversario-no-palacio-de-ondina\/","title":{"rendered":"RUI CANCELA SHOW \u00c0S PRESSAS EM SUA FESTA DE ANIVERS\u00c1RIO NO PAL\u00c1CIO DE ONDINA"},"content":{"rendered":"<p><a href=\"https:\/\/www.sudoestehoje.com.br\/novoportal\/wp-content\/uploads\/2022\/01\/WhatsApp-Image-2022-01-19-at-14.10.01.jpeg\"><img loading=\"lazy\" decoding=\"async\" class=\"aligncenter size-medium wp-image-99824\" src=\"https:\/\/www.sudoestehoje.com.br\/novoportal\/wp-content\/uploads\/2022\/01\/WhatsApp-Image-2022-01-19-at-14.10.01-500x235.jpeg\" alt=\"\" width=\"500\" height=\"235\" srcset=\"https:\/\/www.sudoestehoje.com.br\/novoportal\/wp-content\/uploads\/2022\/01\/WhatsApp-Image-2022-01-19-at-14.10.01-500x235.jpeg 500w, https:\/\/www.sudoestehoje.com.br\/novoportal\/wp-content\/uploads\/2022\/01\/WhatsApp-Image-2022-01-19-at-14.10.01-700x329.jpeg 700w, https:\/\/www.sudoestehoje.com.br\/novoportal\/wp-content\/uploads\/2022\/01\/WhatsApp-Image-2022-01-19-at-14.10.01-768x361.jpeg 768w, https:\/\/www.sudoestehoje.com.br\/novoportal\/wp-content\/uploads\/2022\/01\/WhatsApp-Image-2022-01-19-at-14.10.01.jpeg 926w\" sizes=\"auto, (max-width: 500px) 100vw, 500px\" \/><\/a><\/p>\n<p>Um dia ap\u00f3s pedir que as pessoas n\u00e3o comprem ingressos para festas privadas, o governador Rui Costa (PT) comemorou seu anivers\u00e1rio. A festa aconteceu na noite de ter\u00e7a-feira (18), no Pal\u00e1cio de Ondina, em Salvador.<\/p>\n<p>Segundo fontes do Vnot\u00edcias<strong>,<\/strong> o evento, que contou com palco montado e buffet contratado, teve, no entanto, o show do cantor Jau desmarcado \u00e0s pressas. A atra\u00e7\u00e3o musical seria em comemora\u00e7\u00e3o aos 59 anos de Rui. Mas, o receio da repercuss\u00e3o negativa, e de soar contradit\u00f3rio, pode ter influenciado na decis\u00e3o\u00a0do \u201cCorreria\u201d.<\/p>\n<p>Na \u00faltima semana,\u00a0 Rui Costa editou o decreto que permitia realiza\u00e7\u00e3o de eventos como festas, reduzindo a quantidade m\u00e1xima de 5 mil para 3 mil pessoas. A justificativa seria o gritante aumento no n\u00famero de casos de Covid-19 ap\u00f3s as comemora\u00e7\u00f5es de final de ano.\u00a0A decis\u00e3o impactou diretamente um dos principais setores da economia baiana, o de entretenimento, causando indigna\u00e7\u00e3o de artistas e profissionais.<\/p>\n<p>Procurado pelo\u00a0Vnot\u00edcias, o governo preferiu negar o planejamento do evento.<\/p>\n","protected":false},"excerpt":{"rendered":"<p>Um dia ap\u00f3s pedir que as pessoas n\u00e3o comprem ingressos para festas privadas, o governador Rui Costa (PT) comemorou seu anivers\u00e1rio. A festa aconteceu na noite de ter\u00e7a-feira (18), no Pal\u00e1cio de Ondina, em Salvador. Segundo fontes do Vnot\u00edcias, o evento, que contou com palco montado e buffet contratado, teve, no entanto, o show do [&hellip;]<\/p>\n","protected":false},"author":2,"featured_media":99824,"comment_status":"open","ping_status":"open","sticky":false,"template":"","format":"standard","meta":{"footnotes":"","_links_to":"","_links_to_target":""},"categories":[1],"tags":[],"class_list":["post-99822","post","type-post","status-publish","format-standard","has-post-thumbnail","hentry","category-geral"],"views":1039,"_links":{"self":[{"href":"https:\/\/www.sudoestehoje.com.br\/novoportal\/wp-json\/wp\/v2\/posts\/99822","targetHints":{"allow":["GET"]}}],"collection":[{"href":"https:\/\/www.sudoestehoje.com.br\/novoportal\/wp-json\/wp\/v2\/posts"}],"about":[{"href":"https:\/\/www.sudoestehoje.com.br\/novoportal\/wp-json\/wp\/v2\/types\/post"}],"author":[{"embeddable":true,"href":"https:\/\/www.sudoestehoje.com.br\/novoportal\/wp-json\/wp\/v2\/users\/2"}],"replies":[{"embeddable":true,"href":"https:\/\/www.sudoestehoje.com.br\/novoportal\/wp-json\/wp\/v2\/comments?post=99822"}],"version-history":[{"count":2,"href":"https:\/\/www.sudoestehoje.com.br\/novoportal\/wp-json\/wp\/v2\/posts\/99822\/revisions"}],"predecessor-version":[{"id":99825,"href":"https:\/\/www.sudoestehoje.com.br\/novoportal\/wp-json\/wp\/v2\/posts\/99822\/revisions\/99825"}],"wp:featuredmedia":[{"embeddable":true,"href":"https:\/\/www.sudoestehoje.com.br\/novoportal\/wp-json\/wp\/v2\/media\/99824"}],"wp:attachment":[{"href":"https:\/\/www.sudoestehoje.com.br\/novoportal\/wp-json\/wp\/v2\/media?parent=99822"}],"wp:term":[{"taxonomy":"category","embeddable":true,"href":"https:\/\/www.sudoestehoje.com.br\/novoportal\/wp-json\/wp\/v2\/categories?post=99822"},{"taxonomy":"post_tag","embeddable":true,"href":"https:\/\/www.sudoestehoje.com.br\/novoportal\/wp-json\/wp\/v2\/tags?post=99822"}],"curies":[{"name":"wp","href":"https:\/\/api.w.org\/{rel}","templated":true}]}}