
{"id":99805,"date":"2022-01-17T10:01:03","date_gmt":"2022-01-17T13:01:03","guid":{"rendered":"https:\/\/www.sudoestehoje.com.br\/novoportal\/?p=99805"},"modified":"2022-01-17T10:01:03","modified_gmt":"2022-01-17T13:01:03","slug":"sera-campanha-de-doria-aposta-que-ele-cresce-nas-pesquisas-a-partir-de-maio","status":"publish","type":"post","link":"https:\/\/www.sudoestehoje.com.br\/novoportal\/2022\/01\/17\/sera-campanha-de-doria-aposta-que-ele-cresce-nas-pesquisas-a-partir-de-maio\/","title":{"rendered":"SER\u00c1? CAMPANHA DE DORIA APOSTA QUE ELE CRESCE NAS PESQUISAS A PARTIR DE MAIO"},"content":{"rendered":"<p><a href=\"https:\/\/www.sudoestehoje.com.br\/novoportal\/wp-content\/uploads\/2022\/01\/joao-doria-comemora-vitoria-nas-previas-do-psdb-ao-planalto_1_94075.jpg\"><img loading=\"lazy\" decoding=\"async\" class=\"aligncenter size-medium wp-image-99808\" src=\"https:\/\/www.sudoestehoje.com.br\/novoportal\/wp-content\/uploads\/2022\/01\/joao-doria-comemora-vitoria-nas-previas-do-psdb-ao-planalto_1_94075-500x300.jpg\" alt=\"\" width=\"500\" height=\"300\" srcset=\"https:\/\/www.sudoestehoje.com.br\/novoportal\/wp-content\/uploads\/2022\/01\/joao-doria-comemora-vitoria-nas-previas-do-psdb-ao-planalto_1_94075-500x300.jpg 500w, https:\/\/www.sudoestehoje.com.br\/novoportal\/wp-content\/uploads\/2022\/01\/joao-doria-comemora-vitoria-nas-previas-do-psdb-ao-planalto_1_94075-700x420.jpg 700w, https:\/\/www.sudoestehoje.com.br\/novoportal\/wp-content\/uploads\/2022\/01\/joao-doria-comemora-vitoria-nas-previas-do-psdb-ao-planalto_1_94075-768x461.jpg 768w, https:\/\/www.sudoestehoje.com.br\/novoportal\/wp-content\/uploads\/2022\/01\/joao-doria-comemora-vitoria-nas-previas-do-psdb-ao-planalto_1_94075.jpg 790w\" sizes=\"auto, (max-width: 500px) 100vw, 500px\" \/><\/a><\/p>\n<p>Se parte da bancada do PSDB e l\u00edderes tucanos est\u00e3o ansiosos para que o governador de S\u00e3o Paulo, Jo\u00e3o Doria, comece a crescer nas pesquisas at\u00e9 mar\u00e7o, no comando de campanha do governador paulista a expectativa \u00e9 outra, de acordo com a coluna de Lauro Jardim, do jornal O Globo.<\/p>\n<p>A avalia\u00e7\u00e3o \u00e9 que Doria comece a caminhar melhor nas pesquisas de inten\u00e7\u00e3o de votos em maio. Ainda segundo o jornal, a expectativa \u00e9 que os programas de TV do PSDB que ir\u00e1 ao ar entre o fim de abril e in\u00edcio de maio, com muitas inser\u00e7\u00f5es em n\u00edvel nacional, alavanque Doria.<\/p>\n","protected":false},"excerpt":{"rendered":"<p>Se parte da bancada do PSDB e l\u00edderes tucanos est\u00e3o ansiosos para que o governador de S\u00e3o Paulo, Jo\u00e3o Doria, comece a crescer nas pesquisas at\u00e9 mar\u00e7o, no comando de campanha do governador paulista a expectativa \u00e9 outra, de acordo com a coluna de Lauro Jardim, do jornal O Globo. A avalia\u00e7\u00e3o \u00e9 que Doria [&hellip;]<\/p>\n","protected":false},"author":2,"featured_media":99808,"comment_status":"open","ping_status":"open","sticky":false,"template":"","format":"standard","meta":{"footnotes":"","_links_to":"","_links_to_target":""},"categories":[1],"tags":[],"class_list":["post-99805","post","type-post","status-publish","format-standard","has-post-thumbnail","hentry","category-geral"],"views":699,"_links":{"self":[{"href":"https:\/\/www.sudoestehoje.com.br\/novoportal\/wp-json\/wp\/v2\/posts\/99805","targetHints":{"allow":["GET"]}}],"collection":[{"href":"https:\/\/www.sudoestehoje.com.br\/novoportal\/wp-json\/wp\/v2\/posts"}],"about":[{"href":"https:\/\/www.sudoestehoje.com.br\/novoportal\/wp-json\/wp\/v2\/types\/post"}],"author":[{"embeddable":true,"href":"https:\/\/www.sudoestehoje.com.br\/novoportal\/wp-json\/wp\/v2\/users\/2"}],"replies":[{"embeddable":true,"href":"https:\/\/www.sudoestehoje.com.br\/novoportal\/wp-json\/wp\/v2\/comments?post=99805"}],"version-history":[{"count":3,"href":"https:\/\/www.sudoestehoje.com.br\/novoportal\/wp-json\/wp\/v2\/posts\/99805\/revisions"}],"predecessor-version":[{"id":99809,"href":"https:\/\/www.sudoestehoje.com.br\/novoportal\/wp-json\/wp\/v2\/posts\/99805\/revisions\/99809"}],"wp:featuredmedia":[{"embeddable":true,"href":"https:\/\/www.sudoestehoje.com.br\/novoportal\/wp-json\/wp\/v2\/media\/99808"}],"wp:attachment":[{"href":"https:\/\/www.sudoestehoje.com.br\/novoportal\/wp-json\/wp\/v2\/media?parent=99805"}],"wp:term":[{"taxonomy":"category","embeddable":true,"href":"https:\/\/www.sudoestehoje.com.br\/novoportal\/wp-json\/wp\/v2\/categories?post=99805"},{"taxonomy":"post_tag","embeddable":true,"href":"https:\/\/www.sudoestehoje.com.br\/novoportal\/wp-json\/wp\/v2\/tags?post=99805"}],"curies":[{"name":"wp","href":"https:\/\/api.w.org\/{rel}","templated":true}]}}