
{"id":99796,"date":"2022-01-17T09:36:58","date_gmt":"2022-01-17T12:36:58","guid":{"rendered":"https:\/\/www.sudoestehoje.com.br\/novoportal\/?p=99796"},"modified":"2022-01-17T09:36:58","modified_gmt":"2022-01-17T12:36:58","slug":"queiroz-ex-assessor-de-flavio-bolsonaro-quer-ser-candidato-a-deputado","status":"publish","type":"post","link":"https:\/\/www.sudoestehoje.com.br\/novoportal\/2022\/01\/17\/queiroz-ex-assessor-de-flavio-bolsonaro-quer-ser-candidato-a-deputado\/","title":{"rendered":"QUEIROZ, EX-ASSESSOR DE FL\u00c1VIO BOLSONARO, QUER SER CANDIDATO A DEPUTADO"},"content":{"rendered":"<p><a href=\"https:\/\/www.sudoestehoje.com.br\/novoportal\/wp-content\/uploads\/2022\/01\/queiroz-1-1000x530-1.jpg\"><img loading=\"lazy\" decoding=\"async\" class=\"aligncenter size-medium wp-image-99798\" src=\"https:\/\/www.sudoestehoje.com.br\/novoportal\/wp-content\/uploads\/2022\/01\/queiroz-1-1000x530-1-500x265.jpg\" alt=\"\" width=\"500\" height=\"265\" srcset=\"https:\/\/www.sudoestehoje.com.br\/novoportal\/wp-content\/uploads\/2022\/01\/queiroz-1-1000x530-1-500x265.jpg 500w, https:\/\/www.sudoestehoje.com.br\/novoportal\/wp-content\/uploads\/2022\/01\/queiroz-1-1000x530-1-700x371.jpg 700w, https:\/\/www.sudoestehoje.com.br\/novoportal\/wp-content\/uploads\/2022\/01\/queiroz-1-1000x530-1-768x407.jpg 768w, https:\/\/www.sudoestehoje.com.br\/novoportal\/wp-content\/uploads\/2022\/01\/queiroz-1-1000x530-1.jpg 1000w\" sizes=\"auto, (max-width: 500px) 100vw, 500px\" \/><\/a><\/p>\n<p>Ap\u00f3s se tornar conhecido nacionalmente por suposto envolvimento no esquema de rachadinha, Fabr\u00edcio Queiroz, ex-assessor do ent\u00e3o deputado estadual do Rio de Janeiro Fl\u00e1vio Bolsonaro, est\u00e1 animado para concorrer a deputado estadual.<\/p>\n<p>Queiroz, segundo o portal\u00a0<em>\u00daltimo Segundo<\/em>, n\u00e3o pensa em mudar de cidade: quer voltar ao antigo local de trabalho, como dono do pr\u00f3prio gabinete. De acordo com o site, o PM da reserva tem conversado com v\u00e1rios partidos.<\/p>\n","protected":false},"excerpt":{"rendered":"<p>Ap\u00f3s se tornar conhecido nacionalmente por suposto envolvimento no esquema de rachadinha, Fabr\u00edcio Queiroz, ex-assessor do ent\u00e3o deputado estadual do Rio de Janeiro Fl\u00e1vio Bolsonaro, est\u00e1 animado para concorrer a deputado estadual. Queiroz, segundo o portal\u00a0\u00daltimo Segundo, n\u00e3o pensa em mudar de cidade: quer voltar ao antigo local de trabalho, como dono do pr\u00f3prio gabinete. [&hellip;]<\/p>\n","protected":false},"author":2,"featured_media":99798,"comment_status":"open","ping_status":"open","sticky":false,"template":"","format":"standard","meta":{"footnotes":"","_links_to":"","_links_to_target":""},"categories":[1],"tags":[],"class_list":["post-99796","post","type-post","status-publish","format-standard","has-post-thumbnail","hentry","category-geral"],"views":813,"_links":{"self":[{"href":"https:\/\/www.sudoestehoje.com.br\/novoportal\/wp-json\/wp\/v2\/posts\/99796","targetHints":{"allow":["GET"]}}],"collection":[{"href":"https:\/\/www.sudoestehoje.com.br\/novoportal\/wp-json\/wp\/v2\/posts"}],"about":[{"href":"https:\/\/www.sudoestehoje.com.br\/novoportal\/wp-json\/wp\/v2\/types\/post"}],"author":[{"embeddable":true,"href":"https:\/\/www.sudoestehoje.com.br\/novoportal\/wp-json\/wp\/v2\/users\/2"}],"replies":[{"embeddable":true,"href":"https:\/\/www.sudoestehoje.com.br\/novoportal\/wp-json\/wp\/v2\/comments?post=99796"}],"version-history":[{"count":2,"href":"https:\/\/www.sudoestehoje.com.br\/novoportal\/wp-json\/wp\/v2\/posts\/99796\/revisions"}],"predecessor-version":[{"id":99799,"href":"https:\/\/www.sudoestehoje.com.br\/novoportal\/wp-json\/wp\/v2\/posts\/99796\/revisions\/99799"}],"wp:featuredmedia":[{"embeddable":true,"href":"https:\/\/www.sudoestehoje.com.br\/novoportal\/wp-json\/wp\/v2\/media\/99798"}],"wp:attachment":[{"href":"https:\/\/www.sudoestehoje.com.br\/novoportal\/wp-json\/wp\/v2\/media?parent=99796"}],"wp:term":[{"taxonomy":"category","embeddable":true,"href":"https:\/\/www.sudoestehoje.com.br\/novoportal\/wp-json\/wp\/v2\/categories?post=99796"},{"taxonomy":"post_tag","embeddable":true,"href":"https:\/\/www.sudoestehoje.com.br\/novoportal\/wp-json\/wp\/v2\/tags?post=99796"}],"curies":[{"name":"wp","href":"https:\/\/api.w.org\/{rel}","templated":true}]}}