
{"id":9979,"date":"2011-10-27T00:15:56","date_gmt":"2011-10-27T03:15:56","guid":{"rendered":"http:\/\/www.sudoestehoje.com.br\/novoportal\/?p=9979"},"modified":"2011-10-27T00:15:56","modified_gmt":"2011-10-27T03:15:56","slug":"amaral-ameaca-ir-para-a-oposicao","status":"publish","type":"post","link":"https:\/\/www.sudoestehoje.com.br\/novoportal\/2011\/10\/27\/amaral-ameaca-ir-para-a-oposicao\/","title":{"rendered":"AMARAL AMEA\u00c7A IR PARA A OPOSI\u00c7\u00c3O"},"content":{"rendered":"<p style=\"text-align: left;\"><img decoding=\"async\" src=\"http:\/\/3.bp.blogspot.com\/_K6vAZCh16Y4\/SdjjBxtVYeI\/AAAAAAAAHd8\/qBjTQECtbWY\/s320\/YouTube+for+mobile.jpg\" alt=\"\" width=\"160\" \/><\/p>\n<p>Me contaram uma boa, daquelas de rolar de rir. Dizem que o locutor e prot\u00f3tipo de ouvidor, Jos\u00e9 Amaral Jr., ficou furioso com as articula\u00e7\u00f5es do vereador Romildo em querer emplacar o vice de Z\u00e9 Carlos, indicando seu pupilo Tiquinho ou o ex-secret\u00e1rio de transportes da era Michel, Cresc\u00eancio Andrade. Amaral ficou t\u00e3o transtornado com a absurda hip\u00f3tese, que fez at\u00e9 uma promessa, gravada atrav\u00e9s da c\u00e2mera de um celular, com o seguinte teor: &#8220;<em>se Romildo conseguir indicar o vice, eu fico contra Z\u00e9 Carlos e vou para a oposi\u00e7\u00e3o<\/em>&#8220;. A grava\u00e7\u00e3o est\u00e1 rolando por a\u00ed e pode ir parar no You Tube. Ser\u00e1 que vai dar Ibope?<\/p>\n","protected":false},"excerpt":{"rendered":"<p>Me contaram uma boa, daquelas de rolar de rir. Dizem que o locutor e prot\u00f3tipo de ouvidor, Jos\u00e9 Amaral Jr., ficou furioso com as articula\u00e7\u00f5es do vereador Romildo em querer emplacar o vice de Z\u00e9 Carlos, indicando seu pupilo Tiquinho ou o ex-secret\u00e1rio de transportes da era Michel, Cresc\u00eancio Andrade. Amaral ficou t\u00e3o transtornado com [&hellip;]<\/p>\n","protected":false},"author":2,"featured_media":0,"comment_status":"open","ping_status":"open","sticky":false,"template":"","format":"standard","meta":{"footnotes":"","_links_to":"","_links_to_target":""},"categories":[11],"tags":[],"class_list":["post-9979","post","type-post","status-publish","format-standard","hentry","category-quentinhas"],"views":167,"_links":{"self":[{"href":"https:\/\/www.sudoestehoje.com.br\/novoportal\/wp-json\/wp\/v2\/posts\/9979","targetHints":{"allow":["GET"]}}],"collection":[{"href":"https:\/\/www.sudoestehoje.com.br\/novoportal\/wp-json\/wp\/v2\/posts"}],"about":[{"href":"https:\/\/www.sudoestehoje.com.br\/novoportal\/wp-json\/wp\/v2\/types\/post"}],"author":[{"embeddable":true,"href":"https:\/\/www.sudoestehoje.com.br\/novoportal\/wp-json\/wp\/v2\/users\/2"}],"replies":[{"embeddable":true,"href":"https:\/\/www.sudoestehoje.com.br\/novoportal\/wp-json\/wp\/v2\/comments?post=9979"}],"version-history":[{"count":2,"href":"https:\/\/www.sudoestehoje.com.br\/novoportal\/wp-json\/wp\/v2\/posts\/9979\/revisions"}],"predecessor-version":[{"id":9981,"href":"https:\/\/www.sudoestehoje.com.br\/novoportal\/wp-json\/wp\/v2\/posts\/9979\/revisions\/9981"}],"wp:attachment":[{"href":"https:\/\/www.sudoestehoje.com.br\/novoportal\/wp-json\/wp\/v2\/media?parent=9979"}],"wp:term":[{"taxonomy":"category","embeddable":true,"href":"https:\/\/www.sudoestehoje.com.br\/novoportal\/wp-json\/wp\/v2\/categories?post=9979"},{"taxonomy":"post_tag","embeddable":true,"href":"https:\/\/www.sudoestehoje.com.br\/novoportal\/wp-json\/wp\/v2\/tags?post=9979"}],"curies":[{"name":"wp","href":"https:\/\/api.w.org\/{rel}","templated":true}]}}