
{"id":99705,"date":"2022-01-11T23:07:32","date_gmt":"2022-01-12T02:07:32","guid":{"rendered":"https:\/\/www.sudoestehoje.com.br\/novoportal\/?p=99705"},"modified":"2022-01-11T23:12:34","modified_gmt":"2022-01-12T02:12:34","slug":"caso-beatriz-suposto-autor-e-identificado-e-confessa-crime-da-menina-de-7-anos","status":"publish","type":"post","link":"https:\/\/www.sudoestehoje.com.br\/novoportal\/2022\/01\/11\/caso-beatriz-suposto-autor-e-identificado-e-confessa-crime-da-menina-de-7-anos\/","title":{"rendered":"CASO BEATRIZ: SUPOSTO AUTOR \u00c9 IDENTIFICADO E CONFESSA CRIME DA MENINA DE 7 ANOS"},"content":{"rendered":"<p><a href=\"https:\/\/www.sudoestehoje.com.br\/novoportal\/wp-content\/uploads\/2022\/01\/csm_caos_beatriz_8a5368141a.jpg\"><img loading=\"lazy\" decoding=\"async\" class=\"aligncenter size-medium wp-image-99707\" src=\"https:\/\/www.sudoestehoje.com.br\/novoportal\/wp-content\/uploads\/2022\/01\/csm_caos_beatriz_8a5368141a-500x281.jpg\" alt=\"\" width=\"500\" height=\"281\" srcset=\"https:\/\/www.sudoestehoje.com.br\/novoportal\/wp-content\/uploads\/2022\/01\/csm_caos_beatriz_8a5368141a-500x281.jpg 500w, https:\/\/www.sudoestehoje.com.br\/novoportal\/wp-content\/uploads\/2022\/01\/csm_caos_beatriz_8a5368141a-700x394.jpg 700w, https:\/\/www.sudoestehoje.com.br\/novoportal\/wp-content\/uploads\/2022\/01\/csm_caos_beatriz_8a5368141a-768x432.jpg 768w, https:\/\/www.sudoestehoje.com.br\/novoportal\/wp-content\/uploads\/2022\/01\/csm_caos_beatriz_8a5368141a.jpg 940w\" sizes=\"auto, (max-width: 500px) 100vw, 500px\" \/><\/a><\/p>\n<p class=\"bodytext\">O autor do assassinato da menina Beatriz Ang\u00e9lica Mota, morta aos 7 anos na escola particular em que estudava, na cidade de Petrolina, Sert\u00e3o de Pernambuco, foi finalmente identificado ap\u00f3s mais de 6 anos.<\/p>\n<p class=\"bodytext\" dir=\"ltr\">O crime ocorreu no dia 10 de dezembro de 2015, quando a crian\u00e7a recebeu mais de 40 facadas depois de sair da quadra do col\u00e9gio para beber \u00e1gua. No local, acontecia uma festa de formatura e, mesmo com a movimenta\u00e7\u00e3o intensa, algu\u00e9m entrou no estabelecimento, puxou Beatriz, cometeu o crime e deixou o corpo em uma sala desativada.<\/p>\n<p class=\"bodytext\" dir=\"ltr\">O homem apontado como autor do assassinato foi identificado como Marcelo da Silva, de 40 anos, e j\u00e1 se encontra preso em uma unidade prisional do estado por cometer outros delitos.<\/p>\n<p class=\"bodytext\" dir=\"ltr\">Ao ser interrogado pelos delegados da For\u00e7a Tarefa, o suspeito confessou o assassinato e foi indiciado por mais um crime. Os detalhes da opera\u00e7\u00e3o ser\u00e3o apresentados nesta quarta-feira (12), \u00e0s 9h, na sede da Secretaria de Defesa Social (SDS-PE), no bairro de Santo Amaro, Centro de Recife<span style=\"color: #0000ff;\"><strong>. <a style=\"color: #0000ff;\" href=\"https:\/\/www.correio24horas.com.br\/noticia\/nid\/caso-beatriz-autor-e-identificado-e-confessa-assassinato-de-crianca-de-sete-anos\/?fbclid=IwAR1Z2KKZrG7juOU-6ypQp-N0XUFsfpkRfMiI0opZOFvD7sBXuDoVUI-Y8f\">LEIA MAT\u00c9RIA COMPLETA NO CORREIO<\/a><\/strong><\/span><\/p>\n","protected":false},"excerpt":{"rendered":"<p>O autor do assassinato da menina Beatriz Ang\u00e9lica Mota, morta aos 7 anos na escola particular em que estudava, na cidade de Petrolina, Sert\u00e3o de Pernambuco, foi finalmente identificado ap\u00f3s mais de 6 anos. O crime ocorreu no dia 10 de dezembro de 2015, quando a crian\u00e7a recebeu mais de 40 facadas depois de sair [&hellip;]<\/p>\n","protected":false},"author":2,"featured_media":99707,"comment_status":"open","ping_status":"open","sticky":false,"template":"","format":"standard","meta":{"footnotes":"","_links_to":"","_links_to_target":""},"categories":[1],"tags":[],"class_list":["post-99705","post","type-post","status-publish","format-standard","has-post-thumbnail","hentry","category-geral"],"views":952,"_links":{"self":[{"href":"https:\/\/www.sudoestehoje.com.br\/novoportal\/wp-json\/wp\/v2\/posts\/99705","targetHints":{"allow":["GET"]}}],"collection":[{"href":"https:\/\/www.sudoestehoje.com.br\/novoportal\/wp-json\/wp\/v2\/posts"}],"about":[{"href":"https:\/\/www.sudoestehoje.com.br\/novoportal\/wp-json\/wp\/v2\/types\/post"}],"author":[{"embeddable":true,"href":"https:\/\/www.sudoestehoje.com.br\/novoportal\/wp-json\/wp\/v2\/users\/2"}],"replies":[{"embeddable":true,"href":"https:\/\/www.sudoestehoje.com.br\/novoportal\/wp-json\/wp\/v2\/comments?post=99705"}],"version-history":[{"count":4,"href":"https:\/\/www.sudoestehoje.com.br\/novoportal\/wp-json\/wp\/v2\/posts\/99705\/revisions"}],"predecessor-version":[{"id":99710,"href":"https:\/\/www.sudoestehoje.com.br\/novoportal\/wp-json\/wp\/v2\/posts\/99705\/revisions\/99710"}],"wp:featuredmedia":[{"embeddable":true,"href":"https:\/\/www.sudoestehoje.com.br\/novoportal\/wp-json\/wp\/v2\/media\/99707"}],"wp:attachment":[{"href":"https:\/\/www.sudoestehoje.com.br\/novoportal\/wp-json\/wp\/v2\/media?parent=99705"}],"wp:term":[{"taxonomy":"category","embeddable":true,"href":"https:\/\/www.sudoestehoje.com.br\/novoportal\/wp-json\/wp\/v2\/categories?post=99705"},{"taxonomy":"post_tag","embeddable":true,"href":"https:\/\/www.sudoestehoje.com.br\/novoportal\/wp-json\/wp\/v2\/tags?post=99705"}],"curies":[{"name":"wp","href":"https:\/\/api.w.org\/{rel}","templated":true}]}}