
{"id":99672,"date":"2022-01-09T17:58:17","date_gmt":"2022-01-09T20:58:17","guid":{"rendered":"https:\/\/www.sudoestehoje.com.br\/novoportal\/?p=99672"},"modified":"2022-01-09T17:58:17","modified_gmt":"2022-01-09T20:58:17","slug":"conquista-forte-temporal-volta-a-alagar-ruas-centrais-da-cidade-neste-domingo","status":"publish","type":"post","link":"https:\/\/www.sudoestehoje.com.br\/novoportal\/2022\/01\/09\/conquista-forte-temporal-volta-a-alagar-ruas-centrais-da-cidade-neste-domingo\/","title":{"rendered":"CONQUISTA: FORTE TEMPORAL VOLTA A ALAGAR RUAS CENTRAIS DA CIDADE NESTE DOMINGO"},"content":{"rendered":"<p><a href=\"https:\/\/www.sudoestehoje.com.br\/novoportal\/wp-content\/uploads\/2022\/01\/WhatsApp-Image-2022-01-09-at-16.00.43.jpg\"><img loading=\"lazy\" decoding=\"async\" class=\"aligncenter size-medium wp-image-99673\" src=\"https:\/\/www.sudoestehoje.com.br\/novoportal\/wp-content\/uploads\/2022\/01\/WhatsApp-Image-2022-01-09-at-16.00.43-500x334.jpg\" alt=\"\" width=\"500\" height=\"334\" srcset=\"https:\/\/www.sudoestehoje.com.br\/novoportal\/wp-content\/uploads\/2022\/01\/WhatsApp-Image-2022-01-09-at-16.00.43-500x334.jpg 500w, https:\/\/www.sudoestehoje.com.br\/novoportal\/wp-content\/uploads\/2022\/01\/WhatsApp-Image-2022-01-09-at-16.00.43.jpg 640w\" sizes=\"auto, (max-width: 500px) 100vw, 500px\" \/><\/a><\/p>\n<p>Um forte temporal voltou a alagar ruas e invadir casas e lojas em Vit\u00f3ria da Conquista, no Sudoeste Baiano, na tarde deste domingo (9).<\/p>\n<p>Segundo informa\u00e7\u00f5es do Blog do Anderson, uma forte enxurrada se formou no cruzamento de duas avenidas Crec\u00eancio Silveira com R\u00e9gis Pacheco (foto), levando tudo que encontrava pela frente e assustando a popula\u00e7\u00e3o.<\/p>\n<p>Vit\u00f3ria da Conquista \u00e9 uma esp\u00e9cie de &#8216;bacia&#8217; e tradicionalmente n\u00e3o resiste \u00e0s fortes chuvas, com a for\u00e7a das \u00e1guas formando correntezas sobre o asfalto e causando transtornos e preju\u00edzos.<\/p>\n<p>Caso sem jeito&#8230;<\/p>\n<p><strong><em>Reda\u00e7\u00e3o SH\u00a0<\/em><\/strong><\/p>\n","protected":false},"excerpt":{"rendered":"<p>Um forte temporal voltou a alagar ruas e invadir casas e lojas em Vit\u00f3ria da Conquista, no Sudoeste Baiano, na tarde deste domingo (9). Segundo informa\u00e7\u00f5es do Blog do Anderson, uma forte enxurrada se formou no cruzamento de duas avenidas Crec\u00eancio Silveira com R\u00e9gis Pacheco (foto), levando tudo que encontrava pela frente e assustando a [&hellip;]<\/p>\n","protected":false},"author":2,"featured_media":99673,"comment_status":"open","ping_status":"open","sticky":false,"template":"","format":"standard","meta":{"footnotes":"","_links_to":"","_links_to_target":""},"categories":[1],"tags":[],"class_list":["post-99672","post","type-post","status-publish","format-standard","has-post-thumbnail","hentry","category-geral"],"views":1055,"_links":{"self":[{"href":"https:\/\/www.sudoestehoje.com.br\/novoportal\/wp-json\/wp\/v2\/posts\/99672","targetHints":{"allow":["GET"]}}],"collection":[{"href":"https:\/\/www.sudoestehoje.com.br\/novoportal\/wp-json\/wp\/v2\/posts"}],"about":[{"href":"https:\/\/www.sudoestehoje.com.br\/novoportal\/wp-json\/wp\/v2\/types\/post"}],"author":[{"embeddable":true,"href":"https:\/\/www.sudoestehoje.com.br\/novoportal\/wp-json\/wp\/v2\/users\/2"}],"replies":[{"embeddable":true,"href":"https:\/\/www.sudoestehoje.com.br\/novoportal\/wp-json\/wp\/v2\/comments?post=99672"}],"version-history":[{"count":2,"href":"https:\/\/www.sudoestehoje.com.br\/novoportal\/wp-json\/wp\/v2\/posts\/99672\/revisions"}],"predecessor-version":[{"id":99675,"href":"https:\/\/www.sudoestehoje.com.br\/novoportal\/wp-json\/wp\/v2\/posts\/99672\/revisions\/99675"}],"wp:featuredmedia":[{"embeddable":true,"href":"https:\/\/www.sudoestehoje.com.br\/novoportal\/wp-json\/wp\/v2\/media\/99673"}],"wp:attachment":[{"href":"https:\/\/www.sudoestehoje.com.br\/novoportal\/wp-json\/wp\/v2\/media?parent=99672"}],"wp:term":[{"taxonomy":"category","embeddable":true,"href":"https:\/\/www.sudoestehoje.com.br\/novoportal\/wp-json\/wp\/v2\/categories?post=99672"},{"taxonomy":"post_tag","embeddable":true,"href":"https:\/\/www.sudoestehoje.com.br\/novoportal\/wp-json\/wp\/v2\/tags?post=99672"}],"curies":[{"name":"wp","href":"https:\/\/api.w.org\/{rel}","templated":true}]}}