
{"id":99668,"date":"2022-01-09T17:31:59","date_gmt":"2022-01-09T20:31:59","guid":{"rendered":"https:\/\/www.sudoestehoje.com.br\/novoportal\/?p=99668"},"modified":"2022-01-09T17:31:59","modified_gmt":"2022-01-09T20:31:59","slug":"ba-263-homem-morre-apos-batida-que-arrancou-teto-de-caminhao","status":"publish","type":"post","link":"https:\/\/www.sudoestehoje.com.br\/novoportal\/2022\/01\/09\/ba-263-homem-morre-apos-batida-que-arrancou-teto-de-caminhao\/","title":{"rendered":"BA-263: HOMEM MORRE AP\u00d3S BATIDA QUE ARRANCOU TETO DE CAMINH\u00c3O"},"content":{"rendered":"<p><a href=\"https:\/\/www.sudoestehoje.com.br\/novoportal\/wp-content\/uploads\/2022\/01\/117564homem-morre-em-batida-que-arrancou-teto-de-caminhao-na-ba-263-3-1.jpg\"><img loading=\"lazy\" decoding=\"async\" class=\"aligncenter size-medium wp-image-99670\" src=\"https:\/\/www.sudoestehoje.com.br\/novoportal\/wp-content\/uploads\/2022\/01\/117564homem-morre-em-batida-que-arrancou-teto-de-caminhao-na-ba-263-3-1-500x235.jpg\" alt=\"\" width=\"500\" height=\"235\" srcset=\"https:\/\/www.sudoestehoje.com.br\/novoportal\/wp-content\/uploads\/2022\/01\/117564homem-morre-em-batida-que-arrancou-teto-de-caminhao-na-ba-263-3-1-500x235.jpg 500w, https:\/\/www.sudoestehoje.com.br\/novoportal\/wp-content\/uploads\/2022\/01\/117564homem-morre-em-batida-que-arrancou-teto-de-caminhao-na-ba-263-3-1-700x329.jpg 700w, https:\/\/www.sudoestehoje.com.br\/novoportal\/wp-content\/uploads\/2022\/01\/117564homem-morre-em-batida-que-arrancou-teto-de-caminhao-na-ba-263-3-1-768x361.jpg 768w, https:\/\/www.sudoestehoje.com.br\/novoportal\/wp-content\/uploads\/2022\/01\/117564homem-morre-em-batida-que-arrancou-teto-de-caminhao-na-ba-263-3-1-1536x722.jpg 1536w, https:\/\/www.sudoestehoje.com.br\/novoportal\/wp-content\/uploads\/2022\/01\/117564homem-morre-em-batida-que-arrancou-teto-de-caminhao-na-ba-263-3-1.jpg 1600w\" sizes=\"auto, (max-width: 500px) 100vw, 500px\" \/><\/a><\/p>\n<p>No \u00faltimo s\u00e1bado (8), um homem identificado como Eumar Saraiva de Souza, de 44 anos, morreu ap\u00f3s o caminh\u00e3o que ele dirigia se chocar com uma pedra, no quil\u00f4metro 72 da BA-263, parte do trecho entre as cidades de Vit\u00f3ria da Conquista e Itamb\u00e9, localizadas no sudoeste do estado.<\/p>\n<p>De acordo com informa\u00e7\u00f5es divulgadas pelo batalh\u00e3o de Pol\u00edcia Rodovi\u00e1ria Estadual (PRE), havia um homem, identificado como Elves Preslei Borel Costa, que estava na cadeira do passageiro e acabou ficando ferido.<\/p>\n<p>A cabine do ve\u00edculo ficou totalmente destru\u00edda e perdeu parte do teto.<\/p>\n","protected":false},"excerpt":{"rendered":"<p>No \u00faltimo s\u00e1bado (8), um homem identificado como Eumar Saraiva de Souza, de 44 anos, morreu ap\u00f3s o caminh\u00e3o que ele dirigia se chocar com uma pedra, no quil\u00f4metro 72 da BA-263, parte do trecho entre as cidades de Vit\u00f3ria da Conquista e Itamb\u00e9, localizadas no sudoeste do estado. De acordo com informa\u00e7\u00f5es divulgadas pelo [&hellip;]<\/p>\n","protected":false},"author":2,"featured_media":99669,"comment_status":"open","ping_status":"open","sticky":false,"template":"","format":"standard","meta":{"footnotes":"","_links_to":"","_links_to_target":""},"categories":[1],"tags":[],"class_list":["post-99668","post","type-post","status-publish","format-standard","has-post-thumbnail","hentry","category-geral"],"views":987,"_links":{"self":[{"href":"https:\/\/www.sudoestehoje.com.br\/novoportal\/wp-json\/wp\/v2\/posts\/99668","targetHints":{"allow":["GET"]}}],"collection":[{"href":"https:\/\/www.sudoestehoje.com.br\/novoportal\/wp-json\/wp\/v2\/posts"}],"about":[{"href":"https:\/\/www.sudoestehoje.com.br\/novoportal\/wp-json\/wp\/v2\/types\/post"}],"author":[{"embeddable":true,"href":"https:\/\/www.sudoestehoje.com.br\/novoportal\/wp-json\/wp\/v2\/users\/2"}],"replies":[{"embeddable":true,"href":"https:\/\/www.sudoestehoje.com.br\/novoportal\/wp-json\/wp\/v2\/comments?post=99668"}],"version-history":[{"count":1,"href":"https:\/\/www.sudoestehoje.com.br\/novoportal\/wp-json\/wp\/v2\/posts\/99668\/revisions"}],"predecessor-version":[{"id":99671,"href":"https:\/\/www.sudoestehoje.com.br\/novoportal\/wp-json\/wp\/v2\/posts\/99668\/revisions\/99671"}],"wp:featuredmedia":[{"embeddable":true,"href":"https:\/\/www.sudoestehoje.com.br\/novoportal\/wp-json\/wp\/v2\/media\/99669"}],"wp:attachment":[{"href":"https:\/\/www.sudoestehoje.com.br\/novoportal\/wp-json\/wp\/v2\/media?parent=99668"}],"wp:term":[{"taxonomy":"category","embeddable":true,"href":"https:\/\/www.sudoestehoje.com.br\/novoportal\/wp-json\/wp\/v2\/categories?post=99668"},{"taxonomy":"post_tag","embeddable":true,"href":"https:\/\/www.sudoestehoje.com.br\/novoportal\/wp-json\/wp\/v2\/tags?post=99668"}],"curies":[{"name":"wp","href":"https:\/\/api.w.org\/{rel}","templated":true}]}}