
{"id":99639,"date":"2022-01-07T22:15:24","date_gmt":"2022-01-08T01:15:24","guid":{"rendered":"https:\/\/www.sudoestehoje.com.br\/novoportal\/?p=99639"},"modified":"2022-01-08T00:14:31","modified_gmt":"2022-01-08T03:14:31","slug":"de-maos-vazias-rui-transfere-responsabilidade","status":"publish","type":"post","link":"https:\/\/www.sudoestehoje.com.br\/novoportal\/2022\/01\/07\/de-maos-vazias-rui-transfere-responsabilidade\/","title":{"rendered":"DE M\u00c3OS VAZIAS, RUI TRANSFERE RESPONSABILIDADE"},"content":{"rendered":"<p><a href=\"https:\/\/www.sudoestehoje.com.br\/novoportal\/wp-content\/uploads\/2022\/01\/ruicostaeio_alo_alo_bahia.jpg\"><img loading=\"lazy\" decoding=\"async\" class=\"aligncenter wp-image-99640\" src=\"https:\/\/www.sudoestehoje.com.br\/novoportal\/wp-content\/uploads\/2022\/01\/ruicostaeio_alo_alo_bahia-500x371.jpg\" alt=\"\" width=\"233\" height=\"173\" srcset=\"https:\/\/www.sudoestehoje.com.br\/novoportal\/wp-content\/uploads\/2022\/01\/ruicostaeio_alo_alo_bahia-500x371.jpg 500w, https:\/\/www.sudoestehoje.com.br\/novoportal\/wp-content\/uploads\/2022\/01\/ruicostaeio_alo_alo_bahia-700x519.jpg 700w, https:\/\/www.sudoestehoje.com.br\/novoportal\/wp-content\/uploads\/2022\/01\/ruicostaeio_alo_alo_bahia-768x570.jpg 768w, https:\/\/www.sudoestehoje.com.br\/novoportal\/wp-content\/uploads\/2022\/01\/ruicostaeio_alo_alo_bahia.jpg 1456w\" sizes=\"auto, (max-width: 233px) 100vw, 233px\" \/><\/a><\/p>\n<p><strong>Pra variar<\/strong><\/p>\n<p>O governador Rui Costa (PT) voltou a praticar aquela que tem sido uma das suas principais especialidades: transferir responsabilidade. Nesta semana, ao falar sobre os problemas ocasionados pelas chuvas na Bahia, reclamou do que chamou de &#8220;ajuda substantiva&#8221; do governo federal. Desde que as chuvas se intensificaram, Rui tem reclamado e chegou a fazer uma queixa p\u00fablica numa coletiva com a presen\u00e7a de ministros de Bolsonaro em Ilh\u00e9us.<\/p>\n<p><strong>A realidade<\/strong><\/p>\n<p>Enquanto Rui transfere responsabilidade, munic\u00edpios sofrem com a falta de medidas para minimizar os impactos das chuvas e o sofrimento das pessoas. Itapetinga, Itamb\u00e9, Macarani, Itoror\u00f3 e Ibicu\u00ed computam suas perdas, Rui empurra a responsabilidade para Bolsonaro e Jo\u00e3o Roma deita e rola.<\/p>\n<p class=\"bodytext\"><strong>Irritados<\/strong><br \/>\nAs queixas se espalham pelas cidades atingidas e j\u00e1 contaminam parlamentares da base, que se mostram irritados com a transfer\u00eancia de responsabilidade. Eles dizem que falta um plano emergencial para a recupera\u00e7\u00e3o da infraestrutura e, em seguida, outro plano que foque na constru\u00e7\u00e3o das cidades. &#8220;N\u00e3o d\u00e1, nesse momento, para ficar procurando culpados. Ele tem \u00e9 que botar os secret\u00e1rios para resolver os problemas urgentes&#8221;, reclama um parlamentar.<\/p>\n<p class=\"bodytext\"><strong>Vale a pena ver de novo<\/strong><\/p>\n<p class=\"bodytext\">Essa n\u00e3o \u00e9 a primeira vez que Rui transfere responsabilidade. Ali\u00e1s, foram muitas. Na seguran\u00e7a p\u00fablica, principalmente, o governador tem colocado a culpa do crescente aumento dos \u00edndices de viol\u00eancia no governo federal. Na educa\u00e7\u00e3o, ainda este ano, chegou a culpar os prefeitos pelos baixos resultados no \u00cdndice de Desenvolvimento da Educa\u00e7\u00e3o B\u00e1sica (Ideb). <em>\/\/Correio<\/em><\/p>\n","protected":false},"excerpt":{"rendered":"<p>Pra variar O governador Rui Costa (PT) voltou a praticar aquela que tem sido uma das suas principais especialidades: transferir responsabilidade. Nesta semana, ao falar sobre os problemas ocasionados pelas chuvas na Bahia, reclamou do que chamou de &#8220;ajuda substantiva&#8221; do governo federal. Desde que as chuvas se intensificaram, Rui tem reclamado e chegou a [&hellip;]<\/p>\n","protected":false},"author":2,"featured_media":99640,"comment_status":"open","ping_status":"open","sticky":false,"template":"","format":"standard","meta":{"footnotes":"","_links_to":"","_links_to_target":""},"categories":[11],"tags":[],"class_list":["post-99639","post","type-post","status-publish","format-standard","has-post-thumbnail","hentry","category-quentinhas"],"views":1439,"_links":{"self":[{"href":"https:\/\/www.sudoestehoje.com.br\/novoportal\/wp-json\/wp\/v2\/posts\/99639","targetHints":{"allow":["GET"]}}],"collection":[{"href":"https:\/\/www.sudoestehoje.com.br\/novoportal\/wp-json\/wp\/v2\/posts"}],"about":[{"href":"https:\/\/www.sudoestehoje.com.br\/novoportal\/wp-json\/wp\/v2\/types\/post"}],"author":[{"embeddable":true,"href":"https:\/\/www.sudoestehoje.com.br\/novoportal\/wp-json\/wp\/v2\/users\/2"}],"replies":[{"embeddable":true,"href":"https:\/\/www.sudoestehoje.com.br\/novoportal\/wp-json\/wp\/v2\/comments?post=99639"}],"version-history":[{"count":5,"href":"https:\/\/www.sudoestehoje.com.br\/novoportal\/wp-json\/wp\/v2\/posts\/99639\/revisions"}],"predecessor-version":[{"id":99650,"href":"https:\/\/www.sudoestehoje.com.br\/novoportal\/wp-json\/wp\/v2\/posts\/99639\/revisions\/99650"}],"wp:featuredmedia":[{"embeddable":true,"href":"https:\/\/www.sudoestehoje.com.br\/novoportal\/wp-json\/wp\/v2\/media\/99640"}],"wp:attachment":[{"href":"https:\/\/www.sudoestehoje.com.br\/novoportal\/wp-json\/wp\/v2\/media?parent=99639"}],"wp:term":[{"taxonomy":"category","embeddable":true,"href":"https:\/\/www.sudoestehoje.com.br\/novoportal\/wp-json\/wp\/v2\/categories?post=99639"},{"taxonomy":"post_tag","embeddable":true,"href":"https:\/\/www.sudoestehoje.com.br\/novoportal\/wp-json\/wp\/v2\/tags?post=99639"}],"curies":[{"name":"wp","href":"https:\/\/api.w.org\/{rel}","templated":true}]}}