
{"id":99621,"date":"2022-01-06T19:26:49","date_gmt":"2022-01-06T22:26:49","guid":{"rendered":"https:\/\/www.sudoestehoje.com.br\/novoportal\/?p=99621"},"modified":"2022-01-06T19:26:49","modified_gmt":"2022-01-06T22:26:49","slug":"prefeitura-de-itapetinga-vai-reativar-gripario-na-proxima-segunda-feira","status":"publish","type":"post","link":"https:\/\/www.sudoestehoje.com.br\/novoportal\/2022\/01\/06\/prefeitura-de-itapetinga-vai-reativar-gripario-na-proxima-segunda-feira\/","title":{"rendered":"PREFEITURA DE ITAPETINGA VAI REATIVAR GRIP\u00c1RIO NA PR\u00d3XIMA SEGUNDA-FEIRA"},"content":{"rendered":"<p><a href=\"https:\/\/www.sudoestehoje.com.br\/novoportal\/wp-content\/uploads\/2022\/01\/post-blog-resfriado-990x660-1.jpg\"><img loading=\"lazy\" decoding=\"async\" class=\"aligncenter size-medium wp-image-99623\" src=\"https:\/\/www.sudoestehoje.com.br\/novoportal\/wp-content\/uploads\/2022\/01\/post-blog-resfriado-990x660-1-500x333.jpg\" alt=\"\" width=\"500\" height=\"333\" srcset=\"https:\/\/www.sudoestehoje.com.br\/novoportal\/wp-content\/uploads\/2022\/01\/post-blog-resfriado-990x660-1-500x333.jpg 500w, https:\/\/www.sudoestehoje.com.br\/novoportal\/wp-content\/uploads\/2022\/01\/post-blog-resfriado-990x660-1-700x467.jpg 700w, https:\/\/www.sudoestehoje.com.br\/novoportal\/wp-content\/uploads\/2022\/01\/post-blog-resfriado-990x660-1-768x512.jpg 768w, https:\/\/www.sudoestehoje.com.br\/novoportal\/wp-content\/uploads\/2022\/01\/post-blog-resfriado-990x660-1.jpg 990w\" sizes=\"auto, (max-width: 500px) 100vw, 500px\" \/><\/a><\/p>\n<p>Em decorr\u00eancia do aumento do n\u00famero de casos de gripe, a prefeitura de Itapetinga reabrir\u00e1 o Grip\u00e1rio nesta segunda-feira, 10. No posto de sa\u00fade Guilherme Dias, a estrutura funcionar\u00e1 de segunda a sexta, pela manh\u00e3 e \u00e0 tarde com o intuito de atender e medicar pacientes com sintomas gripais leves, no in\u00edcio da doen\u00e7a.<\/p>\n<p>O grip\u00e1rio trar\u00e1 mais efici\u00eancia e agilidade no atendimento, al\u00e9m de desafogar a Unidade de Pronto Atendimento, cada vez mais sobrecarregada.<\/p>\n<p>\u201cA gente est\u00e1 buscando se organizar para atender a popula\u00e7\u00e3o da forma mais eficiente poss\u00edvel. A UPA tem recebido muitos casos de s\u00edndromes gripais e, para agravar o caso, muitos dos nossos profissionais tamb\u00e9m est\u00e3o afastados por conta da gripe, o que tem dificultado a manuten\u00e7\u00e3o do atendimento. O grip\u00e1rio retorna agora para dividir as demandas, reduzir tempo de espera para consultas e oferecer maior assist\u00eancia aos pacientes\u201d, explicou o secret\u00e1rio de sa\u00fade, Hugo Sousa, ao recomendar que as pessoas continuem seguido as medidas de seguran\u00e7a que impedem a transmiss\u00e3o do v\u00edrus, como o distanciamento e uso de m\u00e1scaras.<\/p>\n","protected":false},"excerpt":{"rendered":"<p>Em decorr\u00eancia do aumento do n\u00famero de casos de gripe, a prefeitura de Itapetinga reabrir\u00e1 o Grip\u00e1rio nesta segunda-feira, 10. No posto de sa\u00fade Guilherme Dias, a estrutura funcionar\u00e1 de segunda a sexta, pela manh\u00e3 e \u00e0 tarde com o intuito de atender e medicar pacientes com sintomas gripais leves, no in\u00edcio da doen\u00e7a. O [&hellip;]<\/p>\n","protected":false},"author":2,"featured_media":99623,"comment_status":"open","ping_status":"open","sticky":false,"template":"","format":"standard","meta":{"footnotes":"","_links_to":"","_links_to_target":""},"categories":[1],"tags":[],"class_list":["post-99621","post","type-post","status-publish","format-standard","has-post-thumbnail","hentry","category-geral"],"views":688,"_links":{"self":[{"href":"https:\/\/www.sudoestehoje.com.br\/novoportal\/wp-json\/wp\/v2\/posts\/99621","targetHints":{"allow":["GET"]}}],"collection":[{"href":"https:\/\/www.sudoestehoje.com.br\/novoportal\/wp-json\/wp\/v2\/posts"}],"about":[{"href":"https:\/\/www.sudoestehoje.com.br\/novoportal\/wp-json\/wp\/v2\/types\/post"}],"author":[{"embeddable":true,"href":"https:\/\/www.sudoestehoje.com.br\/novoportal\/wp-json\/wp\/v2\/users\/2"}],"replies":[{"embeddable":true,"href":"https:\/\/www.sudoestehoje.com.br\/novoportal\/wp-json\/wp\/v2\/comments?post=99621"}],"version-history":[{"count":2,"href":"https:\/\/www.sudoestehoje.com.br\/novoportal\/wp-json\/wp\/v2\/posts\/99621\/revisions"}],"predecessor-version":[{"id":99624,"href":"https:\/\/www.sudoestehoje.com.br\/novoportal\/wp-json\/wp\/v2\/posts\/99621\/revisions\/99624"}],"wp:featuredmedia":[{"embeddable":true,"href":"https:\/\/www.sudoestehoje.com.br\/novoportal\/wp-json\/wp\/v2\/media\/99623"}],"wp:attachment":[{"href":"https:\/\/www.sudoestehoje.com.br\/novoportal\/wp-json\/wp\/v2\/media?parent=99621"}],"wp:term":[{"taxonomy":"category","embeddable":true,"href":"https:\/\/www.sudoestehoje.com.br\/novoportal\/wp-json\/wp\/v2\/categories?post=99621"},{"taxonomy":"post_tag","embeddable":true,"href":"https:\/\/www.sudoestehoje.com.br\/novoportal\/wp-json\/wp\/v2\/tags?post=99621"}],"curies":[{"name":"wp","href":"https:\/\/api.w.org\/{rel}","templated":true}]}}