
{"id":99596,"date":"2022-01-05T18:53:49","date_gmt":"2022-01-05T21:53:49","guid":{"rendered":"https:\/\/www.sudoestehoje.com.br\/novoportal\/?p=99596"},"modified":"2022-01-05T18:53:49","modified_gmt":"2022-01-05T21:53:49","slug":"espancador-de-mulheres-de-ilheus-volta-a-ser-preso-por-nova-agressao-ja-sao-11-bos","status":"publish","type":"post","link":"https:\/\/www.sudoestehoje.com.br\/novoportal\/2022\/01\/05\/espancador-de-mulheres-de-ilheus-volta-a-ser-preso-por-nova-agressao-ja-sao-11-bos\/","title":{"rendered":"ESPANCADOR DE MULHERES DE ILH\u00c9US VOLTA A SER PRESO POR NOVA AGRESS\u00c3O; J\u00c1 S\u00c3O 11 BOs"},"content":{"rendered":"<p><a href=\"https:\/\/www.sudoestehoje.com.br\/novoportal\/wp-content\/uploads\/2022\/01\/Carlinhos-2_Fotor_Collage-2048x1536-1.jpg\"><img loading=\"lazy\" decoding=\"async\" class=\"aligncenter size-medium wp-image-99597\" src=\"https:\/\/www.sudoestehoje.com.br\/novoportal\/wp-content\/uploads\/2022\/01\/Carlinhos-2_Fotor_Collage-2048x1536-1-500x376.jpg\" alt=\"\" width=\"500\" height=\"376\" srcset=\"https:\/\/www.sudoestehoje.com.br\/novoportal\/wp-content\/uploads\/2022\/01\/Carlinhos-2_Fotor_Collage-2048x1536-1-500x376.jpg 500w, https:\/\/www.sudoestehoje.com.br\/novoportal\/wp-content\/uploads\/2022\/01\/Carlinhos-2_Fotor_Collage-2048x1536-1.jpg 647w\" sizes=\"auto, (max-width: 500px) 100vw, 500px\" \/><\/a><\/p>\n<p>Carlos Samuel Freitas Costa Filho, de 34 anos, que foi filmado agredindo uma mulher com socos no rosto, em junho de 2020, foi novamente preso em flagrante na madrugada desta quarta-feira, 5, ap\u00f3s agredir outra pessoa em Ilh\u00e9us, no sul da Bahia.<\/p>\n<p>De acordo com as autoridades, o caso aconteceu na noite dessa ter\u00e7a-feira, 4. O agressor foi levado por policiais militares para a 7\u00aa Coordenadoria Regional de Pol\u00edcia do Interior (7\u00aa Coorpin \/ Ilh\u00e9us), onde foi autuado por les\u00e3o corporal dolosa cometida no \u00e2mbito da viol\u00eancia dom\u00e9stica. N\u00e3o h\u00e1 informa\u00e7\u00f5es sobre o estado de sa\u00fade da v\u00edtima.<\/p>\n<p>Segundo a Delegacia Especializada no Atendimento \u00e0 Mulher (Deam), de Ilh\u00e9us, Carlos Samuel tem um longo hist\u00f3rico de agress\u00e3o a ex-namoradas e mulheres da pr\u00f3pria fam\u00edlia, resultando em, ao menos, 11 boletins de ocorr\u00eancia.<\/p>\n<p>Em uma das queixas, registrada em 2015, ele teria agredido e mantido em cativeiro uma companheira da \u00e9poca. J\u00e1 em 2017, o agressor foi denunciado pela pr\u00f3pria m\u00e3e por extors\u00e3o e amea\u00e7a de morte.<\/p>\n","protected":false},"excerpt":{"rendered":"<p>Carlos Samuel Freitas Costa Filho, de 34 anos, que foi filmado agredindo uma mulher com socos no rosto, em junho de 2020, foi novamente preso em flagrante na madrugada desta quarta-feira, 5, ap\u00f3s agredir outra pessoa em Ilh\u00e9us, no sul da Bahia. De acordo com as autoridades, o caso aconteceu na noite dessa ter\u00e7a-feira, 4. [&hellip;]<\/p>\n","protected":false},"author":2,"featured_media":99597,"comment_status":"open","ping_status":"open","sticky":false,"template":"","format":"standard","meta":{"footnotes":"","_links_to":"","_links_to_target":""},"categories":[1],"tags":[],"class_list":["post-99596","post","type-post","status-publish","format-standard","has-post-thumbnail","hentry","category-geral"],"views":930,"_links":{"self":[{"href":"https:\/\/www.sudoestehoje.com.br\/novoportal\/wp-json\/wp\/v2\/posts\/99596","targetHints":{"allow":["GET"]}}],"collection":[{"href":"https:\/\/www.sudoestehoje.com.br\/novoportal\/wp-json\/wp\/v2\/posts"}],"about":[{"href":"https:\/\/www.sudoestehoje.com.br\/novoportal\/wp-json\/wp\/v2\/types\/post"}],"author":[{"embeddable":true,"href":"https:\/\/www.sudoestehoje.com.br\/novoportal\/wp-json\/wp\/v2\/users\/2"}],"replies":[{"embeddable":true,"href":"https:\/\/www.sudoestehoje.com.br\/novoportal\/wp-json\/wp\/v2\/comments?post=99596"}],"version-history":[{"count":4,"href":"https:\/\/www.sudoestehoje.com.br\/novoportal\/wp-json\/wp\/v2\/posts\/99596\/revisions"}],"predecessor-version":[{"id":99601,"href":"https:\/\/www.sudoestehoje.com.br\/novoportal\/wp-json\/wp\/v2\/posts\/99596\/revisions\/99601"}],"wp:featuredmedia":[{"embeddable":true,"href":"https:\/\/www.sudoestehoje.com.br\/novoportal\/wp-json\/wp\/v2\/media\/99597"}],"wp:attachment":[{"href":"https:\/\/www.sudoestehoje.com.br\/novoportal\/wp-json\/wp\/v2\/media?parent=99596"}],"wp:term":[{"taxonomy":"category","embeddable":true,"href":"https:\/\/www.sudoestehoje.com.br\/novoportal\/wp-json\/wp\/v2\/categories?post=99596"},{"taxonomy":"post_tag","embeddable":true,"href":"https:\/\/www.sudoestehoje.com.br\/novoportal\/wp-json\/wp\/v2\/tags?post=99596"}],"curies":[{"name":"wp","href":"https:\/\/api.w.org\/{rel}","templated":true}]}}