
{"id":99588,"date":"2022-01-05T18:23:57","date_gmt":"2022-01-05T21:23:57","guid":{"rendered":"https:\/\/www.sudoestehoje.com.br\/novoportal\/?p=99588"},"modified":"2022-01-05T18:44:38","modified_gmt":"2022-01-05T21:44:38","slug":"seinfra-anuncia-restauracao-da-ba-263-passando-por-itapetinga-e-itororo","status":"publish","type":"post","link":"https:\/\/www.sudoestehoje.com.br\/novoportal\/2022\/01\/05\/seinfra-anuncia-restauracao-da-ba-263-passando-por-itapetinga-e-itororo\/","title":{"rendered":"SEINFRA ANUNCIA RESTAURA\u00c7\u00c3O DA BA-263 PASSANDO POR ITAPETINGA E ITOROR\u00d3"},"content":{"rendered":"<p><a href=\"https:\/\/www.sudoestehoje.com.br\/novoportal\/wp-content\/uploads\/2022\/01\/ba-263-1.jpg\"><img loading=\"lazy\" decoding=\"async\" class=\"aligncenter size-medium wp-image-99592\" src=\"https:\/\/www.sudoestehoje.com.br\/novoportal\/wp-content\/uploads\/2022\/01\/ba-263-1-500x375.jpg\" alt=\"\" width=\"500\" height=\"375\" srcset=\"https:\/\/www.sudoestehoje.com.br\/novoportal\/wp-content\/uploads\/2022\/01\/ba-263-1-500x375.jpg 500w, https:\/\/www.sudoestehoje.com.br\/novoportal\/wp-content\/uploads\/2022\/01\/ba-263-1-700x525.jpg 700w, https:\/\/www.sudoestehoje.com.br\/novoportal\/wp-content\/uploads\/2022\/01\/ba-263-1-768x576.jpg 768w, https:\/\/www.sudoestehoje.com.br\/novoportal\/wp-content\/uploads\/2022\/01\/ba-263-1.jpg 960w\" sizes=\"auto, (max-width: 500px) 100vw, 500px\" \/><\/a><\/p>\n<p>Os 135 km de tr\u00eas diferentes rodovias estaduais, nas BA\u2019s 263, 130 e 262, ser\u00e3o restaurados pelo Governo da Bahia, segundo an\u00fancio da Secretaria de Infraestrutura (Seinfra).<\/p>\n<p>Os trechos da BA-263, <strong>entre Itamb\u00e9, Itapetinga e Itoror\u00f3, da BA-130, de Itoror\u00f3 at\u00e9 Firmino Alves, e da BA-262, de Firmino Alves at\u00e9 Floresta Azul,<\/strong> passar\u00e3o por obras atrav\u00e9s do Programa de Restaura\u00e7\u00e3o e Manuten\u00e7\u00e3o de Rodovias Estaduais (PREMAR II).<\/p>\n<p>O aviso de licita\u00e7\u00e3o foi publicado no Di\u00e1rio Oficial do Estado (DOE) desta quarta-feira (05).<\/p>\n<p>J\u00e1 passou do tempo&#8230;<\/p>\n","protected":false},"excerpt":{"rendered":"<p>Os 135 km de tr\u00eas diferentes rodovias estaduais, nas BA\u2019s 263, 130 e 262, ser\u00e3o restaurados pelo Governo da Bahia, segundo an\u00fancio da Secretaria de Infraestrutura (Seinfra). Os trechos da BA-263, entre Itamb\u00e9, Itapetinga e Itoror\u00f3, da BA-130, de Itoror\u00f3 at\u00e9 Firmino Alves, e da BA-262, de Firmino Alves at\u00e9 Floresta Azul, passar\u00e3o por obras [&hellip;]<\/p>\n","protected":false},"author":2,"featured_media":99592,"comment_status":"open","ping_status":"open","sticky":false,"template":"","format":"standard","meta":{"footnotes":"","_links_to":"","_links_to_target":""},"categories":[1],"tags":[],"class_list":["post-99588","post","type-post","status-publish","format-standard","has-post-thumbnail","hentry","category-geral"],"views":1117,"_links":{"self":[{"href":"https:\/\/www.sudoestehoje.com.br\/novoportal\/wp-json\/wp\/v2\/posts\/99588","targetHints":{"allow":["GET"]}}],"collection":[{"href":"https:\/\/www.sudoestehoje.com.br\/novoportal\/wp-json\/wp\/v2\/posts"}],"about":[{"href":"https:\/\/www.sudoestehoje.com.br\/novoportal\/wp-json\/wp\/v2\/types\/post"}],"author":[{"embeddable":true,"href":"https:\/\/www.sudoestehoje.com.br\/novoportal\/wp-json\/wp\/v2\/users\/2"}],"replies":[{"embeddable":true,"href":"https:\/\/www.sudoestehoje.com.br\/novoportal\/wp-json\/wp\/v2\/comments?post=99588"}],"version-history":[{"count":6,"href":"https:\/\/www.sudoestehoje.com.br\/novoportal\/wp-json\/wp\/v2\/posts\/99588\/revisions"}],"predecessor-version":[{"id":99595,"href":"https:\/\/www.sudoestehoje.com.br\/novoportal\/wp-json\/wp\/v2\/posts\/99588\/revisions\/99595"}],"wp:featuredmedia":[{"embeddable":true,"href":"https:\/\/www.sudoestehoje.com.br\/novoportal\/wp-json\/wp\/v2\/media\/99592"}],"wp:attachment":[{"href":"https:\/\/www.sudoestehoje.com.br\/novoportal\/wp-json\/wp\/v2\/media?parent=99588"}],"wp:term":[{"taxonomy":"category","embeddable":true,"href":"https:\/\/www.sudoestehoje.com.br\/novoportal\/wp-json\/wp\/v2\/categories?post=99588"},{"taxonomy":"post_tag","embeddable":true,"href":"https:\/\/www.sudoestehoje.com.br\/novoportal\/wp-json\/wp\/v2\/tags?post=99588"}],"curies":[{"name":"wp","href":"https:\/\/api.w.org\/{rel}","templated":true}]}}