
{"id":99465,"date":"2021-12-31T01:42:51","date_gmt":"2021-12-31T04:42:51","guid":{"rendered":"https:\/\/www.sudoestehoje.com.br\/novoportal\/?p=99465"},"modified":"2021-12-31T01:42:51","modified_gmt":"2021-12-31T04:42:51","slug":"salario-minimo-2022-sera-de-r-1-212-reais","status":"publish","type":"post","link":"https:\/\/www.sudoestehoje.com.br\/novoportal\/2021\/12\/31\/salario-minimo-2022-sera-de-r-1-212-reais\/","title":{"rendered":"SAL\u00c1RIO M\u00cdNIMO 2022 SER\u00c1 DE R$ 1.212 REAIS"},"content":{"rendered":"<p><a href=\"https:\/\/www.sudoestehoje.com.br\/novoportal\/wp-content\/uploads\/2021\/12\/n_49463_0e08b65b1d25db04c62f95a4c24424e2.jpg\"><img loading=\"lazy\" decoding=\"async\" class=\"aligncenter size-medium wp-image-99468\" src=\"https:\/\/www.sudoestehoje.com.br\/novoportal\/wp-content\/uploads\/2021\/12\/n_49463_0e08b65b1d25db04c62f95a4c24424e2-500x259.jpg\" alt=\"\" width=\"500\" height=\"259\" srcset=\"https:\/\/www.sudoestehoje.com.br\/novoportal\/wp-content\/uploads\/2021\/12\/n_49463_0e08b65b1d25db04c62f95a4c24424e2-500x259.jpg 500w, https:\/\/www.sudoestehoje.com.br\/novoportal\/wp-content\/uploads\/2021\/12\/n_49463_0e08b65b1d25db04c62f95a4c24424e2-700x362.jpg 700w, https:\/\/www.sudoestehoje.com.br\/novoportal\/wp-content\/uploads\/2021\/12\/n_49463_0e08b65b1d25db04c62f95a4c24424e2-768x397.jpg 768w, https:\/\/www.sudoestehoje.com.br\/novoportal\/wp-content\/uploads\/2021\/12\/n_49463_0e08b65b1d25db04c62f95a4c24424e2.jpg 870w\" sizes=\"auto, (max-width: 500px) 100vw, 500px\" \/><\/a><\/p>\n<p>O presidente Jair Bolsonaro informou, em sua \u00faltima transmiss\u00e3o pela internet neste ano, que o sal\u00e1rio m\u00ednimo vai subir a R$ 1.212, em 2022. O valor \u00e9 R$ 112 acima dos atuais R$ 1.100. Uma Medida Provis\u00f3ria (MP) ser\u00e1 editada at\u00e9 amanh\u00e3 (31) para estipular novo valor.<\/p>\n<p>O reajuste rep\u00f5e apenas a perda no poder de compra dos brasileiros devido \u00e0 alta de pre\u00e7os ao longo de 2021. Apesar da press\u00e3o pol\u00edtica por um reajuste acima da infla\u00e7\u00e3o medida pelo \u00cdndice Nacional de Pre\u00e7os ao Consumidor (INPC), o governo n\u00e3o promoveu um aumento real do sal\u00e1rio m\u00ednimo pelo impacto nas contas p\u00fablicas, j\u00e1 que os benef\u00edcios da Previd\u00eancia e tamb\u00e9m sociais est\u00e3o atrelados ao piso.<\/p>\n<p>Pelo terceiro ano consecutivo, o sal\u00e1rio m\u00ednimo \u00e9 reajustado sem ganho real sobre a infla\u00e7\u00e3o.<\/p>\n","protected":false},"excerpt":{"rendered":"<p>O presidente Jair Bolsonaro informou, em sua \u00faltima transmiss\u00e3o pela internet neste ano, que o sal\u00e1rio m\u00ednimo vai subir a R$ 1.212, em 2022. O valor \u00e9 R$ 112 acima dos atuais R$ 1.100. Uma Medida Provis\u00f3ria (MP) ser\u00e1 editada at\u00e9 amanh\u00e3 (31) para estipular novo valor. O reajuste rep\u00f5e apenas a perda no poder [&hellip;]<\/p>\n","protected":false},"author":2,"featured_media":99468,"comment_status":"open","ping_status":"open","sticky":false,"template":"","format":"standard","meta":{"footnotes":"","_links_to":"","_links_to_target":""},"categories":[1],"tags":[],"class_list":["post-99465","post","type-post","status-publish","format-standard","has-post-thumbnail","hentry","category-geral"],"views":692,"_links":{"self":[{"href":"https:\/\/www.sudoestehoje.com.br\/novoportal\/wp-json\/wp\/v2\/posts\/99465","targetHints":{"allow":["GET"]}}],"collection":[{"href":"https:\/\/www.sudoestehoje.com.br\/novoportal\/wp-json\/wp\/v2\/posts"}],"about":[{"href":"https:\/\/www.sudoestehoje.com.br\/novoportal\/wp-json\/wp\/v2\/types\/post"}],"author":[{"embeddable":true,"href":"https:\/\/www.sudoestehoje.com.br\/novoportal\/wp-json\/wp\/v2\/users\/2"}],"replies":[{"embeddable":true,"href":"https:\/\/www.sudoestehoje.com.br\/novoportal\/wp-json\/wp\/v2\/comments?post=99465"}],"version-history":[{"count":2,"href":"https:\/\/www.sudoestehoje.com.br\/novoportal\/wp-json\/wp\/v2\/posts\/99465\/revisions"}],"predecessor-version":[{"id":99469,"href":"https:\/\/www.sudoestehoje.com.br\/novoportal\/wp-json\/wp\/v2\/posts\/99465\/revisions\/99469"}],"wp:featuredmedia":[{"embeddable":true,"href":"https:\/\/www.sudoestehoje.com.br\/novoportal\/wp-json\/wp\/v2\/media\/99468"}],"wp:attachment":[{"href":"https:\/\/www.sudoestehoje.com.br\/novoportal\/wp-json\/wp\/v2\/media?parent=99465"}],"wp:term":[{"taxonomy":"category","embeddable":true,"href":"https:\/\/www.sudoestehoje.com.br\/novoportal\/wp-json\/wp\/v2\/categories?post=99465"},{"taxonomy":"post_tag","embeddable":true,"href":"https:\/\/www.sudoestehoje.com.br\/novoportal\/wp-json\/wp\/v2\/tags?post=99465"}],"curies":[{"name":"wp","href":"https:\/\/api.w.org\/{rel}","templated":true}]}}