
{"id":99416,"date":"2021-12-29T14:19:00","date_gmt":"2021-12-29T17:19:00","guid":{"rendered":"https:\/\/www.sudoestehoje.com.br\/novoportal\/?p=99416"},"modified":"2021-12-29T18:05:39","modified_gmt":"2021-12-29T21:05:39","slug":"itapetinga-moradores-atingidos-pela-cheia-comecam-a-voltar-pra-casa-cenario-e-desolador","status":"publish","type":"post","link":"https:\/\/www.sudoestehoje.com.br\/novoportal\/2021\/12\/29\/itapetinga-moradores-atingidos-pela-cheia-comecam-a-voltar-pra-casa-cenario-e-desolador\/","title":{"rendered":"ITAPETINGA: MORADORES ATINGIDOS PELA CHEIA COME\u00c7AM A VOLTAR PRA CASA; CEN\u00c1RIO \u00c9 DESOLADOR"},"content":{"rendered":"<p>&nbsp;<\/p>\n<p><a href=\"https:\/\/www.sudoestehoje.com.br\/novoportal\/wp-content\/uploads\/2021\/12\/bc-2.jpg\"><img loading=\"lazy\" decoding=\"async\" class=\"aligncenter size-medium wp-image-99426\" src=\"https:\/\/www.sudoestehoje.com.br\/novoportal\/wp-content\/uploads\/2021\/12\/bc-2-500x243.jpg\" alt=\"\" width=\"500\" height=\"243\" srcset=\"https:\/\/www.sudoestehoje.com.br\/novoportal\/wp-content\/uploads\/2021\/12\/bc-2-500x243.jpg 500w, https:\/\/www.sudoestehoje.com.br\/novoportal\/wp-content\/uploads\/2021\/12\/bc-2-700x341.jpg 700w, https:\/\/www.sudoestehoje.com.br\/novoportal\/wp-content\/uploads\/2021\/12\/bc-2-768x374.jpg 768w, https:\/\/www.sudoestehoje.com.br\/novoportal\/wp-content\/uploads\/2021\/12\/bc-2.jpg 1315w\" sizes=\"auto, (max-width: 500px) 100vw, 500px\" \/><\/a><\/p>\n<p>Os moradores da parte baixa do bairro S\u00e3o Francisco come\u00e7aram a retornar para casa, que haviam sido inundadas pelo rio Catol\u00e9, na v\u00e9spera do Natal, encontrando um cen\u00e1rio desolador.<\/p>\n<p>M\u00f3veis, utens\u00edlios, geladeiras, fog\u00f5es, colch\u00f5es e at\u00e9 roupas, foram retirados das casas e colocados no meio da rua, para serem recolhidos pelas m\u00e1quinas, caminh\u00f5es e equipes da prefeitura, que trabalharam incessantemente, desde as primeiras horas da manh\u00e3 desta quinta-feira (29), auxiliando os moradores.<\/p>\n<p><a href=\"https:\/\/www.sudoestehoje.com.br\/novoportal\/wp-content\/uploads\/2021\/12\/bc-3.jpg\"><img loading=\"lazy\" decoding=\"async\" class=\"aligncenter size-medium wp-image-99427\" src=\"https:\/\/www.sudoestehoje.com.br\/novoportal\/wp-content\/uploads\/2021\/12\/bc-3-500x243.jpg\" alt=\"\" width=\"500\" height=\"243\" srcset=\"https:\/\/www.sudoestehoje.com.br\/novoportal\/wp-content\/uploads\/2021\/12\/bc-3-500x243.jpg 500w, https:\/\/www.sudoestehoje.com.br\/novoportal\/wp-content\/uploads\/2021\/12\/bc-3-700x341.jpg 700w, https:\/\/www.sudoestehoje.com.br\/novoportal\/wp-content\/uploads\/2021\/12\/bc-3-768x374.jpg 768w, https:\/\/www.sudoestehoje.com.br\/novoportal\/wp-content\/uploads\/2021\/12\/bc-3.jpg 1315w\" sizes=\"auto, (max-width: 500px) 100vw, 500px\" \/><\/a><\/p>\n<p>Os preju\u00edzos foram imensos, com muita gente perdendo tudo que tinha dentro das suas resid\u00eancias.<\/p>\n<p>A esperan\u00e7a dessas fam\u00edlias reside agora nas promessas dos governos estadual e federal, para tentarem recompor suas vidas e amenizar as perdas materiais.<\/p>\n<p><a href=\"https:\/\/www.sudoestehoje.com.br\/novoportal\/wp-content\/uploads\/2021\/12\/bc-1.jpg\"><img loading=\"lazy\" decoding=\"async\" class=\"aligncenter size-medium wp-image-99425\" src=\"https:\/\/www.sudoestehoje.com.br\/novoportal\/wp-content\/uploads\/2021\/12\/bc-1-500x243.jpg\" alt=\"\" width=\"500\" height=\"243\" srcset=\"https:\/\/www.sudoestehoje.com.br\/novoportal\/wp-content\/uploads\/2021\/12\/bc-1-500x243.jpg 500w, https:\/\/www.sudoestehoje.com.br\/novoportal\/wp-content\/uploads\/2021\/12\/bc-1-700x341.jpg 700w, https:\/\/www.sudoestehoje.com.br\/novoportal\/wp-content\/uploads\/2021\/12\/bc-1-768x374.jpg 768w, https:\/\/www.sudoestehoje.com.br\/novoportal\/wp-content\/uploads\/2021\/12\/bc-1.jpg 1315w\" sizes=\"auto, (max-width: 500px) 100vw, 500px\" \/><\/a><\/p>\n<p>Ser\u00e1 que essa ajuda vem ajuda mesmo?<\/p>\n<p><strong><em>Por Davi Ferraz<\/em><\/strong><\/p>\n","protected":false},"excerpt":{"rendered":"<p>&nbsp; Os moradores da parte baixa do bairro S\u00e3o Francisco come\u00e7aram a retornar para casa, que haviam sido inundadas pelo rio Catol\u00e9, na v\u00e9spera do Natal, encontrando um cen\u00e1rio desolador. M\u00f3veis, utens\u00edlios, geladeiras, fog\u00f5es, colch\u00f5es e at\u00e9 roupas, foram retirados das casas e colocados no meio da rua, para serem recolhidos pelas m\u00e1quinas, caminh\u00f5es e [&hellip;]<\/p>\n","protected":false},"author":2,"featured_media":99420,"comment_status":"open","ping_status":"open","sticky":false,"template":"","format":"standard","meta":{"footnotes":"","_links_to":"","_links_to_target":""},"categories":[1],"tags":[],"class_list":["post-99416","post","type-post","status-publish","format-standard","has-post-thumbnail","hentry","category-geral"],"views":1424,"_links":{"self":[{"href":"https:\/\/www.sudoestehoje.com.br\/novoportal\/wp-json\/wp\/v2\/posts\/99416","targetHints":{"allow":["GET"]}}],"collection":[{"href":"https:\/\/www.sudoestehoje.com.br\/novoportal\/wp-json\/wp\/v2\/posts"}],"about":[{"href":"https:\/\/www.sudoestehoje.com.br\/novoportal\/wp-json\/wp\/v2\/types\/post"}],"author":[{"embeddable":true,"href":"https:\/\/www.sudoestehoje.com.br\/novoportal\/wp-json\/wp\/v2\/users\/2"}],"replies":[{"embeddable":true,"href":"https:\/\/www.sudoestehoje.com.br\/novoportal\/wp-json\/wp\/v2\/comments?post=99416"}],"version-history":[{"count":6,"href":"https:\/\/www.sudoestehoje.com.br\/novoportal\/wp-json\/wp\/v2\/posts\/99416\/revisions"}],"predecessor-version":[{"id":99428,"href":"https:\/\/www.sudoestehoje.com.br\/novoportal\/wp-json\/wp\/v2\/posts\/99416\/revisions\/99428"}],"wp:featuredmedia":[{"embeddable":true,"href":"https:\/\/www.sudoestehoje.com.br\/novoportal\/wp-json\/wp\/v2\/media\/99420"}],"wp:attachment":[{"href":"https:\/\/www.sudoestehoje.com.br\/novoportal\/wp-json\/wp\/v2\/media?parent=99416"}],"wp:term":[{"taxonomy":"category","embeddable":true,"href":"https:\/\/www.sudoestehoje.com.br\/novoportal\/wp-json\/wp\/v2\/categories?post=99416"},{"taxonomy":"post_tag","embeddable":true,"href":"https:\/\/www.sudoestehoje.com.br\/novoportal\/wp-json\/wp\/v2\/tags?post=99416"}],"curies":[{"name":"wp","href":"https:\/\/api.w.org\/{rel}","templated":true}]}}