
{"id":99399,"date":"2021-12-28T21:15:16","date_gmt":"2021-12-29T00:15:16","guid":{"rendered":"https:\/\/www.sudoestehoje.com.br\/novoportal\/?p=99399"},"modified":"2021-12-28T21:15:16","modified_gmt":"2021-12-29T00:15:16","slug":"itapetinga-rio-catole-comeca-a-baixar-mas-deixa-rastro-de-destruicao","status":"publish","type":"post","link":"https:\/\/www.sudoestehoje.com.br\/novoportal\/2021\/12\/28\/itapetinga-rio-catole-comeca-a-baixar-mas-deixa-rastro-de-destruicao\/","title":{"rendered":"ITAPETINGA: RIO CATOL\u00c9 COME\u00c7A A BAIXAR, MAS DEIXA RASTRO DE DESTRUI\u00c7\u00c3O"},"content":{"rendered":"<p><a href=\"https:\/\/www.sudoestehoje.com.br\/novoportal\/wp-content\/uploads\/2021\/12\/WhatsApp-Image-2021-12-28-at-21.02.05.jpeg\"><img loading=\"lazy\" decoding=\"async\" class=\"aligncenter size-medium wp-image-99402\" src=\"https:\/\/www.sudoestehoje.com.br\/novoportal\/wp-content\/uploads\/2021\/12\/WhatsApp-Image-2021-12-28-at-21.02.05-500x375.jpeg\" alt=\"\" width=\"500\" height=\"375\" srcset=\"https:\/\/www.sudoestehoje.com.br\/novoportal\/wp-content\/uploads\/2021\/12\/WhatsApp-Image-2021-12-28-at-21.02.05-500x375.jpeg 500w, https:\/\/www.sudoestehoje.com.br\/novoportal\/wp-content\/uploads\/2021\/12\/WhatsApp-Image-2021-12-28-at-21.02.05-700x525.jpeg 700w, https:\/\/www.sudoestehoje.com.br\/novoportal\/wp-content\/uploads\/2021\/12\/WhatsApp-Image-2021-12-28-at-21.02.05-768x576.jpeg 768w, https:\/\/www.sudoestehoje.com.br\/novoportal\/wp-content\/uploads\/2021\/12\/WhatsApp-Image-2021-12-28-at-21.02.05-1536x1152.jpeg 1536w, https:\/\/www.sudoestehoje.com.br\/novoportal\/wp-content\/uploads\/2021\/12\/WhatsApp-Image-2021-12-28-at-21.02.05.jpeg 1600w\" sizes=\"auto, (max-width: 500px) 100vw, 500px\" \/><\/a><\/p>\n<p>Depois da cheia que inundou grande parte da cidade, o rio Catol\u00e9 come\u00e7a a baixar, mas o rastro da destrui\u00e7\u00e3o j\u00e1 aparece em v\u00e1rios setores da cidade, que foram atingidos.<\/p>\n<p>Um dos setores mais impactados foi a Baixada dos Ciganos, no bairro S\u00e3o Francisco, onde muitas ruas permanecem alagadas e esburacadas, a exemplo do trecho da Av. C\u00e9sar Borges, entre a Central de Abastecimento e a Rodovi\u00e1ria, onde crateras se formaram.<a href=\"https:\/\/www.sudoestehoje.com.br\/novoportal\/wp-content\/uploads\/2021\/12\/WhatsApp-Image-2021-12-28-at-21.03.22.jpeg\"><img loading=\"lazy\" decoding=\"async\" class=\"aligncenter size-medium wp-image-99401\" src=\"https:\/\/www.sudoestehoje.com.br\/novoportal\/wp-content\/uploads\/2021\/12\/WhatsApp-Image-2021-12-28-at-21.03.22-500x375.jpeg\" alt=\"\" width=\"500\" height=\"375\" srcset=\"https:\/\/www.sudoestehoje.com.br\/novoportal\/wp-content\/uploads\/2021\/12\/WhatsApp-Image-2021-12-28-at-21.03.22-500x375.jpeg 500w, https:\/\/www.sudoestehoje.com.br\/novoportal\/wp-content\/uploads\/2021\/12\/WhatsApp-Image-2021-12-28-at-21.03.22-700x525.jpeg 700w, https:\/\/www.sudoestehoje.com.br\/novoportal\/wp-content\/uploads\/2021\/12\/WhatsApp-Image-2021-12-28-at-21.03.22-768x576.jpeg 768w, https:\/\/www.sudoestehoje.com.br\/novoportal\/wp-content\/uploads\/2021\/12\/WhatsApp-Image-2021-12-28-at-21.03.22-1536x1152.jpeg 1536w, https:\/\/www.sudoestehoje.com.br\/novoportal\/wp-content\/uploads\/2021\/12\/WhatsApp-Image-2021-12-28-at-21.03.22.jpeg 1600w\" sizes=\"auto, (max-width: 500px) 100vw, 500px\" \/><\/a><\/p>\n<p>Em outros bairros, como o Am\u00e9rico Nogueira, Recanto da Colina e Quintas do Sul, as enxurradas cavaram valetas, bloqueando v\u00e1rias vias de acesso.<\/p>\n<p>Em outros setores atingidos pela enchente, como a Central de Abastecimento, Residencial Moacyr Moura e casas populares, n\u00e3o houve maiores problemas da infraestrutura e a vida come\u00e7a a voltar ao normal.<\/p>\n<p><a href=\"https:\/\/www.sudoestehoje.com.br\/novoportal\/wp-content\/uploads\/2021\/12\/WhatsApp-Image-2021-12-28-at-21.05.49.jpeg\"><img loading=\"lazy\" decoding=\"async\" class=\"aligncenter size-medium wp-image-99400\" src=\"https:\/\/www.sudoestehoje.com.br\/novoportal\/wp-content\/uploads\/2021\/12\/WhatsApp-Image-2021-12-28-at-21.05.49-500x375.jpeg\" alt=\"\" width=\"500\" height=\"375\" srcset=\"https:\/\/www.sudoestehoje.com.br\/novoportal\/wp-content\/uploads\/2021\/12\/WhatsApp-Image-2021-12-28-at-21.05.49-500x375.jpeg 500w, https:\/\/www.sudoestehoje.com.br\/novoportal\/wp-content\/uploads\/2021\/12\/WhatsApp-Image-2021-12-28-at-21.05.49-700x525.jpeg 700w, https:\/\/www.sudoestehoje.com.br\/novoportal\/wp-content\/uploads\/2021\/12\/WhatsApp-Image-2021-12-28-at-21.05.49-768x576.jpeg 768w, https:\/\/www.sudoestehoje.com.br\/novoportal\/wp-content\/uploads\/2021\/12\/WhatsApp-Image-2021-12-28-at-21.05.49-1536x1152.jpeg 1536w, https:\/\/www.sudoestehoje.com.br\/novoportal\/wp-content\/uploads\/2021\/12\/WhatsApp-Image-2021-12-28-at-21.05.49.jpeg 1600w\" sizes=\"auto, (max-width: 500px) 100vw, 500px\" \/><\/a><\/p>\n<p>O momento \u00e9 de cuidar das pessoas \u00e9 de reconstruir o que foi comprometido.<\/p>\n<p><strong><em>Por Davi Ferraz\u00a0<\/em><\/strong><\/p>\n","protected":false},"excerpt":{"rendered":"<p>Depois da cheia que inundou grande parte da cidade, o rio Catol\u00e9 come\u00e7a a baixar, mas o rastro da destrui\u00e7\u00e3o j\u00e1 aparece em v\u00e1rios setores da cidade, que foram atingidos. Um dos setores mais impactados foi a Baixada dos Ciganos, no bairro S\u00e3o Francisco, onde muitas ruas permanecem alagadas e esburacadas, a exemplo do trecho [&hellip;]<\/p>\n","protected":false},"author":2,"featured_media":99402,"comment_status":"open","ping_status":"open","sticky":false,"template":"","format":"standard","meta":{"footnotes":"","_links_to":"","_links_to_target":""},"categories":[1],"tags":[],"class_list":["post-99399","post","type-post","status-publish","format-standard","has-post-thumbnail","hentry","category-geral"],"views":1210,"_links":{"self":[{"href":"https:\/\/www.sudoestehoje.com.br\/novoportal\/wp-json\/wp\/v2\/posts\/99399","targetHints":{"allow":["GET"]}}],"collection":[{"href":"https:\/\/www.sudoestehoje.com.br\/novoportal\/wp-json\/wp\/v2\/posts"}],"about":[{"href":"https:\/\/www.sudoestehoje.com.br\/novoportal\/wp-json\/wp\/v2\/types\/post"}],"author":[{"embeddable":true,"href":"https:\/\/www.sudoestehoje.com.br\/novoportal\/wp-json\/wp\/v2\/users\/2"}],"replies":[{"embeddable":true,"href":"https:\/\/www.sudoestehoje.com.br\/novoportal\/wp-json\/wp\/v2\/comments?post=99399"}],"version-history":[{"count":1,"href":"https:\/\/www.sudoestehoje.com.br\/novoportal\/wp-json\/wp\/v2\/posts\/99399\/revisions"}],"predecessor-version":[{"id":99403,"href":"https:\/\/www.sudoestehoje.com.br\/novoportal\/wp-json\/wp\/v2\/posts\/99399\/revisions\/99403"}],"wp:featuredmedia":[{"embeddable":true,"href":"https:\/\/www.sudoestehoje.com.br\/novoportal\/wp-json\/wp\/v2\/media\/99402"}],"wp:attachment":[{"href":"https:\/\/www.sudoestehoje.com.br\/novoportal\/wp-json\/wp\/v2\/media?parent=99399"}],"wp:term":[{"taxonomy":"category","embeddable":true,"href":"https:\/\/www.sudoestehoje.com.br\/novoportal\/wp-json\/wp\/v2\/categories?post=99399"},{"taxonomy":"post_tag","embeddable":true,"href":"https:\/\/www.sudoestehoje.com.br\/novoportal\/wp-json\/wp\/v2\/tags?post=99399"}],"curies":[{"name":"wp","href":"https:\/\/api.w.org\/{rel}","templated":true}]}}