
{"id":99348,"date":"2021-12-26T23:02:51","date_gmt":"2021-12-27T02:02:51","guid":{"rendered":"https:\/\/www.sudoestehoje.com.br\/novoportal\/?p=99348"},"modified":"2021-12-26T23:02:51","modified_gmt":"2021-12-27T02:02:51","slug":"prefeito-rodrigo-faz-coletiva-de-imprensa-para-falar-sobre-impactos-das-chuvas","status":"publish","type":"post","link":"https:\/\/www.sudoestehoje.com.br\/novoportal\/2021\/12\/26\/prefeito-rodrigo-faz-coletiva-de-imprensa-para-falar-sobre-impactos-das-chuvas\/","title":{"rendered":"PREFEITO RODRIGO FAZ COLETIVA DE IMPRENSA PARA FALAR SOBRE IMPACTOS DAS CHUVAS"},"content":{"rendered":"<p><a href=\"https:\/\/www.sudoestehoje.com.br\/novoportal\/wp-content\/uploads\/2021\/12\/COLETIVA.jpeg\"><img loading=\"lazy\" decoding=\"async\" class=\"aligncenter size-medium wp-image-99352\" src=\"https:\/\/www.sudoestehoje.com.br\/novoportal\/wp-content\/uploads\/2021\/12\/COLETIVA-500x375.jpeg\" alt=\"\" width=\"500\" height=\"375\" srcset=\"https:\/\/www.sudoestehoje.com.br\/novoportal\/wp-content\/uploads\/2021\/12\/COLETIVA-500x375.jpeg 500w, https:\/\/www.sudoestehoje.com.br\/novoportal\/wp-content\/uploads\/2021\/12\/COLETIVA-700x525.jpeg 700w, https:\/\/www.sudoestehoje.com.br\/novoportal\/wp-content\/uploads\/2021\/12\/COLETIVA-768x576.jpeg 768w, https:\/\/www.sudoestehoje.com.br\/novoportal\/wp-content\/uploads\/2021\/12\/COLETIVA.jpeg 990w\" sizes=\"auto, (max-width: 500px) 100vw, 500px\" \/><\/a><\/p>\n<p>O prefeito Rodrigo Hagge realizou na noite deste domingo, 26, uma coletiva de imprensa, transmitida por live, para informar todos sobre os impactos das fortes chuvas que atingiram o munic\u00edpio e\u00a0 todas as a\u00e7\u00f5es j\u00e1 realizadas para amenizar os danos.<\/p>\n<p>De acordo com o prefeito, Itapetinga tem, at\u00e9 ent\u00e3o, 300 desabrigados, acolhidos nos abrigos municipais \u2013 no CAIC, na IPAM, no Polivalente e na escola Dona Geni, em Bandeira do Col\u00f4nia \u2013 e uma estimativa de 2000 desalojados.<\/p>\n<p>Nos \u00faltimos dias, foram distribu\u00eddas mais de 8 toneladas de alimentos, mas de 10.000 garrafas de \u00e1gua mineral e 2000 unidades de quentinhas por dia.<\/p>\n<p>Nas \u00e1reas alagadas, em especial no Vila Rosa, \u00c2ngela Espinheira, Moacir Moura e Jos\u00e9 Ivo, a prefeitura distribuiu \u00e1gua pot\u00e1vel atrav\u00e9s de carro pipa.<\/p>\n<p><strong><em>Distribui\u00e7\u00e3o de \u00e1gua<\/em><\/strong><\/p>\n<p>O fornecimento de \u00e1gua em nosso munic\u00edpio foi interrompido devido ao alagamento das bombas e pain\u00e9is de capta\u00e7\u00e3o. Segundo o prefeito Rodrigo Hagge, uma esta\u00e7\u00e3o flutuante j\u00e1 foi pedida \u00e0 Embasa. A previs\u00e3o de chegada do equipamento \u00e9 para esta segunda-feira, 27, e assim que for feito o processo de instala\u00e7\u00e3o, o abastecimento \u00e9 reestabelecido. No entanto, a capacidade da esta\u00e7\u00e3o flutuante \u00e9 de apenas 1\/3 do que hoje realiza o SAAE. Isso significa que, ainda ser\u00e1 preciso fazer rod\u00edzio na distribui\u00e7\u00e3o de \u00e1gua. \u201cA popula\u00e7\u00e3o precisa continuar economizando para evitar maiores transtornos at\u00e9 que consigamos colocar nossa capta\u00e7\u00e3o em funcionamento novamente\u201d, alertou Rodrigo.<\/p>\n<p><strong><em>Perspectivas<\/em><\/strong><\/p>\n<p>Como o volume de chuva foi menor neste domingo e o n\u00edvel do rio continua baixando, a perspectiva \u00e9 a de que n\u00e3o tenhamos mais riscos de morte ou aumento das \u00e1reas atingidas. A prefeitura j\u00e1 come\u00e7ou o servi\u00e7o de limpeza em Bandeira do Col\u00f4nia, com frota de ca\u00e7ambas e m\u00e1quinas. O servi\u00e7o de bombeamento tamb\u00e9m come\u00e7ou. Mas a administra\u00e7\u00e3o municipal continua vigilante.<\/p>\n","protected":false},"excerpt":{"rendered":"<p>O prefeito Rodrigo Hagge realizou na noite deste domingo, 26, uma coletiva de imprensa, transmitida por live, para informar todos sobre os impactos das fortes chuvas que atingiram o munic\u00edpio e\u00a0 todas as a\u00e7\u00f5es j\u00e1 realizadas para amenizar os danos. De acordo com o prefeito, Itapetinga tem, at\u00e9 ent\u00e3o, 300 desabrigados, acolhidos nos abrigos municipais [&hellip;]<\/p>\n","protected":false},"author":2,"featured_media":99352,"comment_status":"open","ping_status":"open","sticky":false,"template":"","format":"standard","meta":{"footnotes":"","_links_to":"","_links_to_target":""},"categories":[1],"tags":[],"class_list":["post-99348","post","type-post","status-publish","format-standard","has-post-thumbnail","hentry","category-geral"],"views":783,"_links":{"self":[{"href":"https:\/\/www.sudoestehoje.com.br\/novoportal\/wp-json\/wp\/v2\/posts\/99348","targetHints":{"allow":["GET"]}}],"collection":[{"href":"https:\/\/www.sudoestehoje.com.br\/novoportal\/wp-json\/wp\/v2\/posts"}],"about":[{"href":"https:\/\/www.sudoestehoje.com.br\/novoportal\/wp-json\/wp\/v2\/types\/post"}],"author":[{"embeddable":true,"href":"https:\/\/www.sudoestehoje.com.br\/novoportal\/wp-json\/wp\/v2\/users\/2"}],"replies":[{"embeddable":true,"href":"https:\/\/www.sudoestehoje.com.br\/novoportal\/wp-json\/wp\/v2\/comments?post=99348"}],"version-history":[{"count":4,"href":"https:\/\/www.sudoestehoje.com.br\/novoportal\/wp-json\/wp\/v2\/posts\/99348\/revisions"}],"predecessor-version":[{"id":99353,"href":"https:\/\/www.sudoestehoje.com.br\/novoportal\/wp-json\/wp\/v2\/posts\/99348\/revisions\/99353"}],"wp:featuredmedia":[{"embeddable":true,"href":"https:\/\/www.sudoestehoje.com.br\/novoportal\/wp-json\/wp\/v2\/media\/99352"}],"wp:attachment":[{"href":"https:\/\/www.sudoestehoje.com.br\/novoportal\/wp-json\/wp\/v2\/media?parent=99348"}],"wp:term":[{"taxonomy":"category","embeddable":true,"href":"https:\/\/www.sudoestehoje.com.br\/novoportal\/wp-json\/wp\/v2\/categories?post=99348"},{"taxonomy":"post_tag","embeddable":true,"href":"https:\/\/www.sudoestehoje.com.br\/novoportal\/wp-json\/wp\/v2\/tags?post=99348"}],"curies":[{"name":"wp","href":"https:\/\/api.w.org\/{rel}","templated":true}]}}