
{"id":99335,"date":"2021-12-26T18:10:02","date_gmt":"2021-12-26T21:10:02","guid":{"rendered":"https:\/\/www.sudoestehoje.com.br\/novoportal\/?p=99335"},"modified":"2021-12-26T18:16:10","modified_gmt":"2021-12-26T21:16:10","slug":"prefeito-rodrigo-hagge-convoca-imprensa-para-entrevista-coletiva-neste-domingo","status":"publish","type":"post","link":"https:\/\/www.sudoestehoje.com.br\/novoportal\/2021\/12\/26\/prefeito-rodrigo-hagge-convoca-imprensa-para-entrevista-coletiva-neste-domingo\/","title":{"rendered":"PREFEITO RODRIGO HAGGE CONVOCA IMPRENSA PARA ENTREVISTA COLETIVA NESTE DOMINGO"},"content":{"rendered":"<p><a href=\"https:\/\/www.sudoestehoje.com.br\/novoportal\/wp-content\/uploads\/2021\/12\/rodrigo-entrevista.jpg\"><img loading=\"lazy\" decoding=\"async\" class=\"aligncenter size-medium wp-image-99337\" src=\"https:\/\/www.sudoestehoje.com.br\/novoportal\/wp-content\/uploads\/2021\/12\/rodrigo-entrevista-500x286.jpg\" alt=\"\" width=\"500\" height=\"286\" srcset=\"https:\/\/www.sudoestehoje.com.br\/novoportal\/wp-content\/uploads\/2021\/12\/rodrigo-entrevista-500x286.jpg 500w, https:\/\/www.sudoestehoje.com.br\/novoportal\/wp-content\/uploads\/2021\/12\/rodrigo-entrevista-700x401.jpg 700w, https:\/\/www.sudoestehoje.com.br\/novoportal\/wp-content\/uploads\/2021\/12\/rodrigo-entrevista-768x439.jpg 768w, https:\/\/www.sudoestehoje.com.br\/novoportal\/wp-content\/uploads\/2021\/12\/rodrigo-entrevista.jpg 1080w\" sizes=\"auto, (max-width: 500px) 100vw, 500px\" \/><\/a><\/p>\n<p>Diante dos \u00faltimos acontecimentos relativos \u00e0s chuvas e \u00e0 cheia do rio Catol\u00e9, que alagaram parte da cidade, o prefeito Rodrigo Hagge<strong> convocou toda a imprensa<\/strong> local para uma <strong>ENTREVISTA COLETIVA que acontecer\u00e1 neste domingo (26), \u00e0s 19:30h, na Secretaria do Desenvolvimento Social,<\/strong> na Avenida Luiz Viana, bairro Morumbi, em Itapetinga.<\/p>\n<p>Na oportunidade, o prefeito Rodrigo Hagge e sua equipe ir\u00e3o tratar das a\u00e7\u00f5es que foram e ser\u00e3o adotadas para minimizar a situa\u00e7\u00e3o das fam\u00edlias atingidas pelas chuvas e seus impactos.<\/p>\n<p>Voc\u00ea que \u00e9 da imprensa, n\u00e3o deixe de comparecer.<\/p>\n<p>Reda\u00e7\u00e3o<\/p>\n","protected":false},"excerpt":{"rendered":"<p>Diante dos \u00faltimos acontecimentos relativos \u00e0s chuvas e \u00e0 cheia do rio Catol\u00e9, que alagaram parte da cidade, o prefeito Rodrigo Hagge convocou toda a imprensa local para uma ENTREVISTA COLETIVA que acontecer\u00e1 neste domingo (26), \u00e0s 19:30h, na Secretaria do Desenvolvimento Social, na Avenida Luiz Viana, bairro Morumbi, em Itapetinga. Na oportunidade, o prefeito [&hellip;]<\/p>\n","protected":false},"author":2,"featured_media":99337,"comment_status":"open","ping_status":"open","sticky":false,"template":"","format":"standard","meta":{"footnotes":"","_links_to":"","_links_to_target":""},"categories":[1],"tags":[],"class_list":["post-99335","post","type-post","status-publish","format-standard","has-post-thumbnail","hentry","category-geral"],"views":1220,"_links":{"self":[{"href":"https:\/\/www.sudoestehoje.com.br\/novoportal\/wp-json\/wp\/v2\/posts\/99335","targetHints":{"allow":["GET"]}}],"collection":[{"href":"https:\/\/www.sudoestehoje.com.br\/novoportal\/wp-json\/wp\/v2\/posts"}],"about":[{"href":"https:\/\/www.sudoestehoje.com.br\/novoportal\/wp-json\/wp\/v2\/types\/post"}],"author":[{"embeddable":true,"href":"https:\/\/www.sudoestehoje.com.br\/novoportal\/wp-json\/wp\/v2\/users\/2"}],"replies":[{"embeddable":true,"href":"https:\/\/www.sudoestehoje.com.br\/novoportal\/wp-json\/wp\/v2\/comments?post=99335"}],"version-history":[{"count":5,"href":"https:\/\/www.sudoestehoje.com.br\/novoportal\/wp-json\/wp\/v2\/posts\/99335\/revisions"}],"predecessor-version":[{"id":99341,"href":"https:\/\/www.sudoestehoje.com.br\/novoportal\/wp-json\/wp\/v2\/posts\/99335\/revisions\/99341"}],"wp:featuredmedia":[{"embeddable":true,"href":"https:\/\/www.sudoestehoje.com.br\/novoportal\/wp-json\/wp\/v2\/media\/99337"}],"wp:attachment":[{"href":"https:\/\/www.sudoestehoje.com.br\/novoportal\/wp-json\/wp\/v2\/media?parent=99335"}],"wp:term":[{"taxonomy":"category","embeddable":true,"href":"https:\/\/www.sudoestehoje.com.br\/novoportal\/wp-json\/wp\/v2\/categories?post=99335"},{"taxonomy":"post_tag","embeddable":true,"href":"https:\/\/www.sudoestehoje.com.br\/novoportal\/wp-json\/wp\/v2\/tags?post=99335"}],"curies":[{"name":"wp","href":"https:\/\/api.w.org\/{rel}","templated":true}]}}