
{"id":99196,"date":"2021-12-24T09:58:42","date_gmt":"2021-12-24T12:58:42","guid":{"rendered":"https:\/\/www.sudoestehoje.com.br\/novoportal\/?p=99196"},"modified":"2021-12-24T09:58:42","modified_gmt":"2021-12-24T12:58:42","slug":"regiao-deputado-pedro-tavares-volta-a-cobrar-requalificacao-da-ba-270","status":"publish","type":"post","link":"https:\/\/www.sudoestehoje.com.br\/novoportal\/2021\/12\/24\/regiao-deputado-pedro-tavares-volta-a-cobrar-requalificacao-da-ba-270\/","title":{"rendered":"REGI\u00c3O: DEPUTADO PEDRO TAVARES VOLTA A COBRAR REQUALIFICA\u00c7\u00c3O DA BA-270"},"content":{"rendered":"<p><a href=\"https:\/\/www.sudoestehoje.com.br\/novoportal\/wp-content\/uploads\/2021\/12\/WhatsApp-Image-2021-12-24-at-09.57.23.jpeg\"><img loading=\"lazy\" decoding=\"async\" class=\"aligncenter size-medium wp-image-99198\" src=\"https:\/\/www.sudoestehoje.com.br\/novoportal\/wp-content\/uploads\/2021\/12\/WhatsApp-Image-2021-12-24-at-09.57.23-500x372.jpeg\" alt=\"\" width=\"500\" height=\"372\" srcset=\"https:\/\/www.sudoestehoje.com.br\/novoportal\/wp-content\/uploads\/2021\/12\/WhatsApp-Image-2021-12-24-at-09.57.23-500x372.jpeg 500w, https:\/\/www.sudoestehoje.com.br\/novoportal\/wp-content\/uploads\/2021\/12\/WhatsApp-Image-2021-12-24-at-09.57.23-700x521.jpeg 700w, https:\/\/www.sudoestehoje.com.br\/novoportal\/wp-content\/uploads\/2021\/12\/WhatsApp-Image-2021-12-24-at-09.57.23-768x572.jpeg 768w, https:\/\/www.sudoestehoje.com.br\/novoportal\/wp-content\/uploads\/2021\/12\/WhatsApp-Image-2021-12-24-at-09.57.23.jpeg 945w\" sizes=\"auto, (max-width: 500px) 100vw, 500px\" \/><\/a><\/p>\n<p>Em pronunciamento na Assembleia Legislativa da Bahia, o deputado estadual Pedro Tavares voltou a cobrar a necessidade de requalifica\u00e7\u00e3o do trecho da BA-270 entre Itapetinga e Macarani, no sudoeste baiano. O parlamentar destacou os relatos da popula\u00e7\u00e3o sobre as p\u00e9ssimas condi\u00e7\u00f5es da rodovia.<\/p>\n<p>\u201cPe\u00e7o a sensibilidade do Governo do estado para que promova a requalifica\u00e7\u00e3o dessa importante rodovia, visto que os moradores dessa regi\u00e3o est\u00e3o sofrendo com as p\u00e9ssimas condi\u00e7\u00f5es de tr\u00e1fego. Com certeza a requalifica\u00e7\u00e3o vai melhorar o desenvolvimento econ\u00f4mico e proporcionar mais seguran\u00e7a aos motoristas. Esperamos que o Governo do estado atenda a cobran\u00e7a da popula\u00e7\u00e3o pela melhoria da BA-270\u201d, afirmou. O deputado j\u00e1 apresentou indica\u00e7\u00f5es e fez outros discursos na Assembleia, cobrando a interven\u00e7\u00e3o.<\/p>\n<p>Mais informa\u00e7\u00f5es:<br \/>\nAscom deputado Pedro Tavares<\/p>\n","protected":false},"excerpt":{"rendered":"<p>Em pronunciamento na Assembleia Legislativa da Bahia, o deputado estadual Pedro Tavares voltou a cobrar a necessidade de requalifica\u00e7\u00e3o do trecho da BA-270 entre Itapetinga e Macarani, no sudoeste baiano. O parlamentar destacou os relatos da popula\u00e7\u00e3o sobre as p\u00e9ssimas condi\u00e7\u00f5es da rodovia. \u201cPe\u00e7o a sensibilidade do Governo do estado para que promova a requalifica\u00e7\u00e3o [&hellip;]<\/p>\n","protected":false},"author":2,"featured_media":99198,"comment_status":"open","ping_status":"open","sticky":false,"template":"","format":"standard","meta":{"footnotes":"","_links_to":"","_links_to_target":""},"categories":[1],"tags":[],"class_list":["post-99196","post","type-post","status-publish","format-standard","has-post-thumbnail","hentry","category-geral"],"views":728,"_links":{"self":[{"href":"https:\/\/www.sudoestehoje.com.br\/novoportal\/wp-json\/wp\/v2\/posts\/99196","targetHints":{"allow":["GET"]}}],"collection":[{"href":"https:\/\/www.sudoestehoje.com.br\/novoportal\/wp-json\/wp\/v2\/posts"}],"about":[{"href":"https:\/\/www.sudoestehoje.com.br\/novoportal\/wp-json\/wp\/v2\/types\/post"}],"author":[{"embeddable":true,"href":"https:\/\/www.sudoestehoje.com.br\/novoportal\/wp-json\/wp\/v2\/users\/2"}],"replies":[{"embeddable":true,"href":"https:\/\/www.sudoestehoje.com.br\/novoportal\/wp-json\/wp\/v2\/comments?post=99196"}],"version-history":[{"count":2,"href":"https:\/\/www.sudoestehoje.com.br\/novoportal\/wp-json\/wp\/v2\/posts\/99196\/revisions"}],"predecessor-version":[{"id":99199,"href":"https:\/\/www.sudoestehoje.com.br\/novoportal\/wp-json\/wp\/v2\/posts\/99196\/revisions\/99199"}],"wp:featuredmedia":[{"embeddable":true,"href":"https:\/\/www.sudoestehoje.com.br\/novoportal\/wp-json\/wp\/v2\/media\/99198"}],"wp:attachment":[{"href":"https:\/\/www.sudoestehoje.com.br\/novoportal\/wp-json\/wp\/v2\/media?parent=99196"}],"wp:term":[{"taxonomy":"category","embeddable":true,"href":"https:\/\/www.sudoestehoje.com.br\/novoportal\/wp-json\/wp\/v2\/categories?post=99196"},{"taxonomy":"post_tag","embeddable":true,"href":"https:\/\/www.sudoestehoje.com.br\/novoportal\/wp-json\/wp\/v2\/tags?post=99196"}],"curies":[{"name":"wp","href":"https:\/\/api.w.org\/{rel}","templated":true}]}}