
{"id":99169,"date":"2021-12-23T17:12:27","date_gmt":"2021-12-23T20:12:27","guid":{"rendered":"https:\/\/www.sudoestehoje.com.br\/novoportal\/?p=99169"},"modified":"2021-12-23T17:15:46","modified_gmt":"2021-12-23T20:15:46","slug":"carro-fica-atolado-no-recanto-da-colina","status":"publish","type":"post","link":"https:\/\/www.sudoestehoje.com.br\/novoportal\/2021\/12\/23\/carro-fica-atolado-no-recanto-da-colina\/","title":{"rendered":"CARRO FICA ATOLADO NO RECANTO DA COLINA"},"content":{"rendered":"<p><a href=\"https:\/\/www.sudoestehoje.com.br\/novoportal\/wp-content\/uploads\/2021\/12\/WhatsApp-Image-2021-12-23-at-17.10.01.jpeg\"><img loading=\"lazy\" decoding=\"async\" class=\"aligncenter size-medium wp-image-99171\" src=\"https:\/\/www.sudoestehoje.com.br\/novoportal\/wp-content\/uploads\/2021\/12\/WhatsApp-Image-2021-12-23-at-17.10.01-500x324.jpeg\" alt=\"\" width=\"500\" height=\"324\" srcset=\"https:\/\/www.sudoestehoje.com.br\/novoportal\/wp-content\/uploads\/2021\/12\/WhatsApp-Image-2021-12-23-at-17.10.01-500x324.jpeg 500w, https:\/\/www.sudoestehoje.com.br\/novoportal\/wp-content\/uploads\/2021\/12\/WhatsApp-Image-2021-12-23-at-17.10.01-700x454.jpeg 700w, https:\/\/www.sudoestehoje.com.br\/novoportal\/wp-content\/uploads\/2021\/12\/WhatsApp-Image-2021-12-23-at-17.10.01-768x498.jpeg 768w, https:\/\/www.sudoestehoje.com.br\/novoportal\/wp-content\/uploads\/2021\/12\/WhatsApp-Image-2021-12-23-at-17.10.01.jpeg 1080w\" sizes=\"auto, (max-width: 500px) 100vw, 500px\" \/><\/a><\/p>\n<p>As fortes chuvas deixaram o bairro Recanto da Colina em &#8216;<em>estado de calamidade<\/em>&#8216;, com suas ruas cheias de buracos, lama e valetas, dificultando e at\u00e9 impedindo a circula\u00e7\u00e3o de ve\u00edculos, apesar dos reparos emergenciais feitos da prefeitura de Itapetinga.<\/p>\n<p>Na Avenida Estados Unidos, que liga a Cooedita ao Assa\u00ed, uma cratera &#8216;engoliu 2 carros, dias atr\u00e1s, e mesmo aterrada, virou um lama\u00e7al que acabou atolando mais um ve\u00edculo na tarde desta quinta-feira (23).<\/p>\n<p>Este \u00e9 o 5\u00ba carro a ficar preso em buracos e lama que tomaram conta do bairro, o mais afetado pelas chuvas.<\/p>\n<p>Dias melhores vir\u00e3o, esperamos&#8230;<\/p>\n<p><strong><em>Por Davi Ferraz<\/em><\/strong><\/p>\n","protected":false},"excerpt":{"rendered":"<p>As fortes chuvas deixaram o bairro Recanto da Colina em &#8216;estado de calamidade&#8216;, com suas ruas cheias de buracos, lama e valetas, dificultando e at\u00e9 impedindo a circula\u00e7\u00e3o de ve\u00edculos, apesar dos reparos emergenciais feitos da prefeitura de Itapetinga. Na Avenida Estados Unidos, que liga a Cooedita ao Assa\u00ed, uma cratera &#8216;engoliu 2 carros, dias [&hellip;]<\/p>\n","protected":false},"author":2,"featured_media":99171,"comment_status":"open","ping_status":"open","sticky":false,"template":"","format":"standard","meta":{"footnotes":"","_links_to":"","_links_to_target":""},"categories":[1],"tags":[],"class_list":["post-99169","post","type-post","status-publish","format-standard","has-post-thumbnail","hentry","category-geral"],"views":1030,"_links":{"self":[{"href":"https:\/\/www.sudoestehoje.com.br\/novoportal\/wp-json\/wp\/v2\/posts\/99169","targetHints":{"allow":["GET"]}}],"collection":[{"href":"https:\/\/www.sudoestehoje.com.br\/novoportal\/wp-json\/wp\/v2\/posts"}],"about":[{"href":"https:\/\/www.sudoestehoje.com.br\/novoportal\/wp-json\/wp\/v2\/types\/post"}],"author":[{"embeddable":true,"href":"https:\/\/www.sudoestehoje.com.br\/novoportal\/wp-json\/wp\/v2\/users\/2"}],"replies":[{"embeddable":true,"href":"https:\/\/www.sudoestehoje.com.br\/novoportal\/wp-json\/wp\/v2\/comments?post=99169"}],"version-history":[{"count":3,"href":"https:\/\/www.sudoestehoje.com.br\/novoportal\/wp-json\/wp\/v2\/posts\/99169\/revisions"}],"predecessor-version":[{"id":99173,"href":"https:\/\/www.sudoestehoje.com.br\/novoportal\/wp-json\/wp\/v2\/posts\/99169\/revisions\/99173"}],"wp:featuredmedia":[{"embeddable":true,"href":"https:\/\/www.sudoestehoje.com.br\/novoportal\/wp-json\/wp\/v2\/media\/99171"}],"wp:attachment":[{"href":"https:\/\/www.sudoestehoje.com.br\/novoportal\/wp-json\/wp\/v2\/media?parent=99169"}],"wp:term":[{"taxonomy":"category","embeddable":true,"href":"https:\/\/www.sudoestehoje.com.br\/novoportal\/wp-json\/wp\/v2\/categories?post=99169"},{"taxonomy":"post_tag","embeddable":true,"href":"https:\/\/www.sudoestehoje.com.br\/novoportal\/wp-json\/wp\/v2\/tags?post=99169"}],"curies":[{"name":"wp","href":"https:\/\/api.w.org\/{rel}","templated":true}]}}