
{"id":99164,"date":"2021-12-22T22:05:30","date_gmt":"2021-12-23T01:05:30","guid":{"rendered":"https:\/\/www.sudoestehoje.com.br\/novoportal\/?p=99164"},"modified":"2021-12-22T22:24:23","modified_gmt":"2021-12-23T01:24:23","slug":"chuvas-ja-maratam-16-pessoas-na-bahia","status":"publish","type":"post","link":"https:\/\/www.sudoestehoje.com.br\/novoportal\/2021\/12\/22\/chuvas-ja-maratam-16-pessoas-na-bahia\/","title":{"rendered":"CHUVAS J\u00c1 MATARAM 16 PESSOAS NA BAHIA"},"content":{"rendered":"<p><a href=\"https:\/\/www.sudoestehoje.com.br\/novoportal\/wp-content\/uploads\/2021\/12\/MORTES-CHUVAS.jpg\"><img loading=\"lazy\" decoding=\"async\" class=\"aligncenter size-medium wp-image-99166\" src=\"https:\/\/www.sudoestehoje.com.br\/novoportal\/wp-content\/uploads\/2021\/12\/MORTES-CHUVAS-500x296.jpg\" alt=\"\" width=\"500\" height=\"296\" srcset=\"https:\/\/www.sudoestehoje.com.br\/novoportal\/wp-content\/uploads\/2021\/12\/MORTES-CHUVAS-500x296.jpg 500w, https:\/\/www.sudoestehoje.com.br\/novoportal\/wp-content\/uploads\/2021\/12\/MORTES-CHUVAS-700x414.jpg 700w, https:\/\/www.sudoestehoje.com.br\/novoportal\/wp-content\/uploads\/2021\/12\/MORTES-CHUVAS-768x455.jpg 768w, https:\/\/www.sudoestehoje.com.br\/novoportal\/wp-content\/uploads\/2021\/12\/MORTES-CHUVAS.jpg 1225w\" sizes=\"auto, (max-width: 500px) 100vw, 500px\" \/><\/a><\/p>\n<p>Subiu para 16 o n\u00famero de pessoas mortas em decorr\u00eancia das fortes chuvas que atingiram o sudoeste, sul e extremo sul da Bahia. O balan\u00e7o foi divulgado pela Superintend\u00eancia de Prote\u00e7\u00e3o e Defesa Civil do Estado da Bahia (Sudec), nesta quarta-feira (22).<\/p>\n<div class=\"mc-column content-text active-extra-styles \" data-block-type=\"unstyled\" data-block-weight=\"40\" data-block-id=\"3\">\n<p class=\"content-text__container \" data-track-category=\"Link no Texto\" data-track-links=\"\">At\u00e9 sexta-feira (17),\u00a0<a href=\"https:\/\/g1.globo.com\/ba\/bahia\/noticia\/2021\/12\/17\/sobe-para-14-o-no-de-mortos-por-causa-da-chuva-na-bahia.ghtml\">14 mortes tinham sido registradas<\/a>. As duas novas v\u00edtimas morreram em\u00a0<a href=\"https:\/\/g1.globo.com\/ba\/bahia\/cidade\/itamaraju\/\">Itamaraju<\/a>\u00a0e\u00a0<a href=\"https:\/\/g1.globo.com\/ba\/bahia\/cidade\/ilheus\/\">Ilh\u00e9us<\/a>. A data, no entanto, n\u00e3o foi detalhada. Al\u00e9m disso, o n\u00famero de feridos passou de 276 para 278. As mortes foram registradas em:<\/p>\n<\/div>\n<div class=\"mc-column content-text active-extra-styles\" data-block-type=\"raw\" data-block-weight=\"19\" data-block-id=\"4\">\n<ul class=\"content-unordered-list\">\n<li><strong><a href=\"https:\/\/g1.globo.com\/ba\/bahia\/cidade\/ruy-barbosa-ba\/\">Ruy Barbosa<\/a>\u00a0(1);<\/strong><\/li>\n<li><strong><a href=\"https:\/\/g1.globo.com\/ba\/bahia\/cidade\/itapetinga\/\">Itapetinga<\/a>\u00a0(1);<\/strong><\/li>\n<li><strong><a href=\"https:\/\/g1.globo.com\/ba\/bahia\/cidade\/itaberaba\/\">Itaberaba<\/a>\u00a0(2);<\/strong><\/li>\n<li><strong><a href=\"https:\/\/g1.globo.com\/ba\/bahia\/cidade\/itamaraju\/\">Itamaraju<\/a>\u00a0(4);<\/strong><\/li>\n<li><strong><a href=\"https:\/\/g1.globo.com\/ba\/bahia\/cidade\/macarani\/\">Macarani<\/a>\u00a0(1);<\/strong><\/li>\n<li><strong><a href=\"https:\/\/g1.globo.com\/ba\/bahia\/cidade\/prado\/\">Prado<\/a>\u00a0(1);<\/strong><\/li>\n<li><strong><a href=\"https:\/\/g1.globo.com\/ba\/bahia\/cidade\/amargosa\/\">Amargosa<\/a>\u00a0(2);<\/strong><\/li>\n<li><strong><a href=\"https:\/\/g1.globo.com\/ba\/bahia\/cidade\/jucurucu\/\">Jucuru\u00e7u<\/a>\u00a0(3);<\/strong><\/li>\n<li><strong><a href=\"https:\/\/g1.globo.com\/ba\/bahia\/cidade\/ilheus\/\">Ilh\u00e9us<\/a>\u00a0(1).<\/strong><\/li>\n<\/ul>\n<\/div>\n","protected":false},"excerpt":{"rendered":"<p>Subiu para 16 o n\u00famero de pessoas mortas em decorr\u00eancia das fortes chuvas que atingiram o sudoeste, sul e extremo sul da Bahia. O balan\u00e7o foi divulgado pela Superintend\u00eancia de Prote\u00e7\u00e3o e Defesa Civil do Estado da Bahia (Sudec), nesta quarta-feira (22). At\u00e9 sexta-feira (17),\u00a014 mortes tinham sido registradas. As duas novas v\u00edtimas morreram em\u00a0Itamaraju\u00a0e\u00a0Ilh\u00e9us. [&hellip;]<\/p>\n","protected":false},"author":2,"featured_media":99166,"comment_status":"open","ping_status":"open","sticky":false,"template":"","format":"standard","meta":{"footnotes":"","_links_to":"","_links_to_target":""},"categories":[1],"tags":[],"class_list":["post-99164","post","type-post","status-publish","format-standard","has-post-thumbnail","hentry","category-geral"],"views":1717,"_links":{"self":[{"href":"https:\/\/www.sudoestehoje.com.br\/novoportal\/wp-json\/wp\/v2\/posts\/99164","targetHints":{"allow":["GET"]}}],"collection":[{"href":"https:\/\/www.sudoestehoje.com.br\/novoportal\/wp-json\/wp\/v2\/posts"}],"about":[{"href":"https:\/\/www.sudoestehoje.com.br\/novoportal\/wp-json\/wp\/v2\/types\/post"}],"author":[{"embeddable":true,"href":"https:\/\/www.sudoestehoje.com.br\/novoportal\/wp-json\/wp\/v2\/users\/2"}],"replies":[{"embeddable":true,"href":"https:\/\/www.sudoestehoje.com.br\/novoportal\/wp-json\/wp\/v2\/comments?post=99164"}],"version-history":[{"count":3,"href":"https:\/\/www.sudoestehoje.com.br\/novoportal\/wp-json\/wp\/v2\/posts\/99164\/revisions"}],"predecessor-version":[{"id":99168,"href":"https:\/\/www.sudoestehoje.com.br\/novoportal\/wp-json\/wp\/v2\/posts\/99164\/revisions\/99168"}],"wp:featuredmedia":[{"embeddable":true,"href":"https:\/\/www.sudoestehoje.com.br\/novoportal\/wp-json\/wp\/v2\/media\/99166"}],"wp:attachment":[{"href":"https:\/\/www.sudoestehoje.com.br\/novoportal\/wp-json\/wp\/v2\/media?parent=99164"}],"wp:term":[{"taxonomy":"category","embeddable":true,"href":"https:\/\/www.sudoestehoje.com.br\/novoportal\/wp-json\/wp\/v2\/categories?post=99164"},{"taxonomy":"post_tag","embeddable":true,"href":"https:\/\/www.sudoestehoje.com.br\/novoportal\/wp-json\/wp\/v2\/tags?post=99164"}],"curies":[{"name":"wp","href":"https:\/\/api.w.org\/{rel}","templated":true}]}}