
{"id":99149,"date":"2021-12-22T20:46:20","date_gmt":"2021-12-22T23:46:20","guid":{"rendered":"https:\/\/www.sudoestehoje.com.br\/novoportal\/?p=99149"},"modified":"2021-12-22T20:57:41","modified_gmt":"2021-12-22T23:57:41","slug":"itapetinga-tera-queima-de-fogos-na-virada-do-ano-no-parque-da-lagoa","status":"publish","type":"post","link":"https:\/\/www.sudoestehoje.com.br\/novoportal\/2021\/12\/22\/itapetinga-tera-queima-de-fogos-na-virada-do-ano-no-parque-da-lagoa\/","title":{"rendered":"ITAPETINGA TER\u00c1 QUEIMA DE FOGOS NA VIRADA DO ANO NO PARQUE DA LAGOA"},"content":{"rendered":"<p><a href=\"https:\/\/www.sudoestehoje.com.br\/novoportal\/wp-content\/uploads\/2021\/12\/fogos.jpg\"><img loading=\"lazy\" decoding=\"async\" class=\"aligncenter size-medium wp-image-99150\" src=\"https:\/\/www.sudoestehoje.com.br\/novoportal\/wp-content\/uploads\/2021\/12\/fogos-500x333.jpg\" alt=\"\" width=\"500\" height=\"333\" srcset=\"https:\/\/www.sudoestehoje.com.br\/novoportal\/wp-content\/uploads\/2021\/12\/fogos-500x333.jpg 500w, https:\/\/www.sudoestehoje.com.br\/novoportal\/wp-content\/uploads\/2021\/12\/fogos.jpg 512w\" sizes=\"auto, (max-width: 500px) 100vw, 500px\" \/><\/a><\/p>\n<p>Para comemorar a chegada do Ano Novo, a prefeitura de Itapetinga programou para o dia 31 de dezembro, \u00e0 meia noite, uma queima de fogos de artif\u00edcio, na ilha do Parque Poliesportivo da Lagoa.<\/p>\n<p>De acordo com o prefeito Rogrigo Hagge, a chegada de uma novo ano tr\u00e1s esperan\u00e7a para a popula\u00e7\u00e3o do munic\u00edpio e merece ser comemorada com alegria e participa\u00e7\u00e3o de todos.<a href=\"https:\/\/www.sudoestehoje.com.br\/novoportal\/wp-content\/uploads\/2021\/12\/lagoa.jpg\"><img loading=\"lazy\" decoding=\"async\" class=\"aligncenter wp-image-99153\" src=\"https:\/\/www.sudoestehoje.com.br\/novoportal\/wp-content\/uploads\/2021\/12\/lagoa.jpg\" alt=\"\" width=\"499\" height=\"280\" \/><\/a><\/p>\n<p>Fonte ligada \u00e0 administra\u00e7\u00e3o municipal afirmou ao <em><strong>Sudoeste Hoje<\/strong><\/em> que ser\u00e1 um lindo espet\u00e1culo, que deve durar em torno de 15 minutos, com toda seguran\u00e7a para a popula\u00e7\u00e3o, que apreciar\u00e1 o espet\u00e1culo \u00e0 uma dist\u00e2ncia segura.<\/p>\n<p>Vale a pena conferir e comemorar a chegada do Ano Novo, no nosso mais mais lindo e apraz\u00edvel espa\u00e7o.<\/p>\n<p><strong><em>Por Davi Ferraz<\/em><\/strong><\/p>\n","protected":false},"excerpt":{"rendered":"<p>Para comemorar a chegada do Ano Novo, a prefeitura de Itapetinga programou para o dia 31 de dezembro, \u00e0 meia noite, uma queima de fogos de artif\u00edcio, na ilha do Parque Poliesportivo da Lagoa. De acordo com o prefeito Rogrigo Hagge, a chegada de uma novo ano tr\u00e1s esperan\u00e7a para a popula\u00e7\u00e3o do munic\u00edpio e [&hellip;]<\/p>\n","protected":false},"author":2,"featured_media":99150,"comment_status":"open","ping_status":"open","sticky":false,"template":"","format":"standard","meta":{"footnotes":"","_links_to":"","_links_to_target":""},"categories":[1],"tags":[],"class_list":["post-99149","post","type-post","status-publish","format-standard","has-post-thumbnail","hentry","category-geral"],"views":1212,"_links":{"self":[{"href":"https:\/\/www.sudoestehoje.com.br\/novoportal\/wp-json\/wp\/v2\/posts\/99149","targetHints":{"allow":["GET"]}}],"collection":[{"href":"https:\/\/www.sudoestehoje.com.br\/novoportal\/wp-json\/wp\/v2\/posts"}],"about":[{"href":"https:\/\/www.sudoestehoje.com.br\/novoportal\/wp-json\/wp\/v2\/types\/post"}],"author":[{"embeddable":true,"href":"https:\/\/www.sudoestehoje.com.br\/novoportal\/wp-json\/wp\/v2\/users\/2"}],"replies":[{"embeddable":true,"href":"https:\/\/www.sudoestehoje.com.br\/novoportal\/wp-json\/wp\/v2\/comments?post=99149"}],"version-history":[{"count":5,"href":"https:\/\/www.sudoestehoje.com.br\/novoportal\/wp-json\/wp\/v2\/posts\/99149\/revisions"}],"predecessor-version":[{"id":99156,"href":"https:\/\/www.sudoestehoje.com.br\/novoportal\/wp-json\/wp\/v2\/posts\/99149\/revisions\/99156"}],"wp:featuredmedia":[{"embeddable":true,"href":"https:\/\/www.sudoestehoje.com.br\/novoportal\/wp-json\/wp\/v2\/media\/99150"}],"wp:attachment":[{"href":"https:\/\/www.sudoestehoje.com.br\/novoportal\/wp-json\/wp\/v2\/media?parent=99149"}],"wp:term":[{"taxonomy":"category","embeddable":true,"href":"https:\/\/www.sudoestehoje.com.br\/novoportal\/wp-json\/wp\/v2\/categories?post=99149"},{"taxonomy":"post_tag","embeddable":true,"href":"https:\/\/www.sudoestehoje.com.br\/novoportal\/wp-json\/wp\/v2\/tags?post=99149"}],"curies":[{"name":"wp","href":"https:\/\/api.w.org\/{rel}","templated":true}]}}