
{"id":99141,"date":"2021-12-22T00:33:09","date_gmt":"2021-12-22T03:33:09","guid":{"rendered":"https:\/\/www.sudoestehoje.com.br\/novoportal\/?p=99141"},"modified":"2021-12-22T00:47:08","modified_gmt":"2021-12-22T03:47:08","slug":"coordenacao-da-defesa-civil-acompanha-impacto-das-chuvas-em-bandeira-do-colonia","status":"publish","type":"post","link":"https:\/\/www.sudoestehoje.com.br\/novoportal\/2021\/12\/22\/coordenacao-da-defesa-civil-acompanha-impacto-das-chuvas-em-bandeira-do-colonia\/","title":{"rendered":"COORDENA\u00c7\u00c3O DA DEFESA CIVIL AVALIA IMPACTO DAS CHUVAS EM BANDEIRA DO COL\u00d4NIA"},"content":{"rendered":"<p><a href=\"https:\/\/www.sudoestehoje.com.br\/novoportal\/wp-content\/uploads\/2021\/12\/WhatsApp-Image-2021-12-22-at-00.03.22.jpeg\"><img loading=\"lazy\" decoding=\"async\" class=\"aligncenter size-medium wp-image-99143\" src=\"https:\/\/www.sudoestehoje.com.br\/novoportal\/wp-content\/uploads\/2021\/12\/WhatsApp-Image-2021-12-22-at-00.03.22-500x375.jpeg\" alt=\"\" width=\"500\" height=\"375\" srcset=\"https:\/\/www.sudoestehoje.com.br\/novoportal\/wp-content\/uploads\/2021\/12\/WhatsApp-Image-2021-12-22-at-00.03.22-500x375.jpeg 500w, https:\/\/www.sudoestehoje.com.br\/novoportal\/wp-content\/uploads\/2021\/12\/WhatsApp-Image-2021-12-22-at-00.03.22-700x525.jpeg 700w, https:\/\/www.sudoestehoje.com.br\/novoportal\/wp-content\/uploads\/2021\/12\/WhatsApp-Image-2021-12-22-at-00.03.22-768x576.jpeg 768w, https:\/\/www.sudoestehoje.com.br\/novoportal\/wp-content\/uploads\/2021\/12\/WhatsApp-Image-2021-12-22-at-00.03.22-1536x1153.jpeg 1536w, https:\/\/www.sudoestehoje.com.br\/novoportal\/wp-content\/uploads\/2021\/12\/WhatsApp-Image-2021-12-22-at-00.03.22.jpeg 1600w\" sizes=\"auto, (max-width: 500px) 100vw, 500px\" \/><\/a><\/p>\n<p>O coordenador da Comutran e da Defesa Civil Municipal, Cl\u00e1udio Souza, visitou, na tarde desta ter\u00e7a-feira (22), o distrito de Bandeira do Col\u00f4nia, a fim de inspecionar os estragos causados pela chuva.<\/p>\n<p>Durante a visita, foram verificados os pontos cr\u00edticos do distrito, constatando que na Avenida da Saudade a \u00e1gua chegou ao n\u00edvel das casas, no entanto n\u00e3o houve maiores preju\u00edzos.<\/p>\n<p>A partir de amanh\u00e3, a equipe da Prefeitura Municipal intensificar\u00e1 o trabalho de limpeza das ruas e bueiros, visando minimizar os impactos de novas chuvas. Tamb\u00e9m acompanharam o secret\u00e1rio de meio ambiente, Fabio Viana e representantes da administra\u00e7\u00e3o distrital. <em>\/\/Ascom<\/em><\/p>\n","protected":false},"excerpt":{"rendered":"<p>O coordenador da Comutran e da Defesa Civil Municipal, Cl\u00e1udio Souza, visitou, na tarde desta ter\u00e7a-feira (22), o distrito de Bandeira do Col\u00f4nia, a fim de inspecionar os estragos causados pela chuva. Durante a visita, foram verificados os pontos cr\u00edticos do distrito, constatando que na Avenida da Saudade a \u00e1gua chegou ao n\u00edvel das casas, [&hellip;]<\/p>\n","protected":false},"author":2,"featured_media":99143,"comment_status":"open","ping_status":"open","sticky":false,"template":"","format":"standard","meta":{"footnotes":"","_links_to":"","_links_to_target":""},"categories":[1],"tags":[],"class_list":["post-99141","post","type-post","status-publish","format-standard","has-post-thumbnail","hentry","category-geral"],"views":1029,"_links":{"self":[{"href":"https:\/\/www.sudoestehoje.com.br\/novoportal\/wp-json\/wp\/v2\/posts\/99141","targetHints":{"allow":["GET"]}}],"collection":[{"href":"https:\/\/www.sudoestehoje.com.br\/novoportal\/wp-json\/wp\/v2\/posts"}],"about":[{"href":"https:\/\/www.sudoestehoje.com.br\/novoportal\/wp-json\/wp\/v2\/types\/post"}],"author":[{"embeddable":true,"href":"https:\/\/www.sudoestehoje.com.br\/novoportal\/wp-json\/wp\/v2\/users\/2"}],"replies":[{"embeddable":true,"href":"https:\/\/www.sudoestehoje.com.br\/novoportal\/wp-json\/wp\/v2\/comments?post=99141"}],"version-history":[{"count":4,"href":"https:\/\/www.sudoestehoje.com.br\/novoportal\/wp-json\/wp\/v2\/posts\/99141\/revisions"}],"predecessor-version":[{"id":99148,"href":"https:\/\/www.sudoestehoje.com.br\/novoportal\/wp-json\/wp\/v2\/posts\/99141\/revisions\/99148"}],"wp:featuredmedia":[{"embeddable":true,"href":"https:\/\/www.sudoestehoje.com.br\/novoportal\/wp-json\/wp\/v2\/media\/99143"}],"wp:attachment":[{"href":"https:\/\/www.sudoestehoje.com.br\/novoportal\/wp-json\/wp\/v2\/media?parent=99141"}],"wp:term":[{"taxonomy":"category","embeddable":true,"href":"https:\/\/www.sudoestehoje.com.br\/novoportal\/wp-json\/wp\/v2\/categories?post=99141"},{"taxonomy":"post_tag","embeddable":true,"href":"https:\/\/www.sudoestehoje.com.br\/novoportal\/wp-json\/wp\/v2\/tags?post=99141"}],"curies":[{"name":"wp","href":"https:\/\/api.w.org\/{rel}","templated":true}]}}