
{"id":99110,"date":"2021-12-20T16:07:46","date_gmt":"2021-12-20T19:07:46","guid":{"rendered":"https:\/\/www.sudoestehoje.com.br\/novoportal\/?p=99110"},"modified":"2021-12-20T17:12:20","modified_gmt":"2021-12-20T20:12:20","slug":"relator-do-orcamento-da-uniao-preve-salario-minimo-de-r-1-288-para-2022","status":"publish","type":"post","link":"https:\/\/www.sudoestehoje.com.br\/novoportal\/2021\/12\/20\/relator-do-orcamento-da-uniao-preve-salario-minimo-de-r-1-288-para-2022\/","title":{"rendered":"RELATOR DO OR\u00c7AMENTO DA UNI\u00c3O PREV\u00ca SAL\u00c1RIO M\u00cdNIMO DE R$ 1.288 PARA 2022"},"content":{"rendered":"<p><a href=\"https:\/\/www.sudoestehoje.com.br\/novoportal\/wp-content\/uploads\/2021\/12\/como-conseguir-uma-grana-extra-blog-um-panda-de-oculos.jpg\"><img loading=\"lazy\" decoding=\"async\" class=\"aligncenter size-medium wp-image-99113\" src=\"https:\/\/www.sudoestehoje.com.br\/novoportal\/wp-content\/uploads\/2021\/12\/como-conseguir-uma-grana-extra-blog-um-panda-de-oculos-500x333.jpg\" alt=\"\" width=\"500\" height=\"333\" srcset=\"https:\/\/www.sudoestehoje.com.br\/novoportal\/wp-content\/uploads\/2021\/12\/como-conseguir-uma-grana-extra-blog-um-panda-de-oculos-500x333.jpg 500w, https:\/\/www.sudoestehoje.com.br\/novoportal\/wp-content\/uploads\/2021\/12\/como-conseguir-uma-grana-extra-blog-um-panda-de-oculos-700x466.jpg 700w, https:\/\/www.sudoestehoje.com.br\/novoportal\/wp-content\/uploads\/2021\/12\/como-conseguir-uma-grana-extra-blog-um-panda-de-oculos-768x512.jpg 768w, https:\/\/www.sudoestehoje.com.br\/novoportal\/wp-content\/uploads\/2021\/12\/como-conseguir-uma-grana-extra-blog-um-panda-de-oculos.jpg 1201w\" sizes=\"auto, (max-width: 500px) 100vw, 500px\" \/><\/a><\/p>\n<p>O relat\u00f3rio do deputado Hugo Leal (PSD-RJ), relator do Or\u00e7amento de 2022, prev\u00ea que o valor do sal\u00e1rio m\u00ednimo chegue a R$ 1.288 em 2022. Atualmente o valor \u00e9 de R$ 1.100. O relat\u00f3rio foi apresentado nesta segunda-feira (20), \u00e0 Comiss\u00e3o Mista de Planos, Or\u00e7amentos P\u00fablicos e Fiscaliza\u00e7\u00e3o da C\u00e2mara.<\/p>\n<p>No documento, o relator tamb\u00e9m prev\u00ea fundo eleitoral de R$ 5,1 bilh\u00f5es e espa\u00e7o de R$ 113,1 bilh\u00f5es para gastos devido \u00e0 PEC dos Precat\u00f3rios. A previs\u00e3o de alta do INPC (\u00cdndice Nacional de Pre\u00e7os ao Consumidor), que serve de refer\u00eancia para a corre\u00e7\u00e3o anual do sal\u00e1rio m\u00ednimo, passou de 8,4%, em agosto, para 10,04%.<\/p>\n<p>Para ter validade, o relat\u00f3rio precisar\u00e1 passar pela comiss\u00e3o da C\u00e2mara e, depois disso, pelo plen\u00e1rio, por\u00e9m, o valor exato da corre\u00e7\u00e3o do sal\u00e1rio m\u00ednimo s\u00f3 ser\u00e1 confirmado no in\u00edcio de janeiro, quando for divulgada a alta completa do INPC do ano\u00a0de 2021.<\/p>\n","protected":false},"excerpt":{"rendered":"<p>O relat\u00f3rio do deputado Hugo Leal (PSD-RJ), relator do Or\u00e7amento de 2022, prev\u00ea que o valor do sal\u00e1rio m\u00ednimo chegue a R$ 1.288 em 2022. Atualmente o valor \u00e9 de R$ 1.100. O relat\u00f3rio foi apresentado nesta segunda-feira (20), \u00e0 Comiss\u00e3o Mista de Planos, Or\u00e7amentos P\u00fablicos e Fiscaliza\u00e7\u00e3o da C\u00e2mara. No documento, o relator tamb\u00e9m [&hellip;]<\/p>\n","protected":false},"author":2,"featured_media":99113,"comment_status":"open","ping_status":"open","sticky":false,"template":"","format":"standard","meta":{"footnotes":"","_links_to":"","_links_to_target":""},"categories":[1],"tags":[],"class_list":["post-99110","post","type-post","status-publish","format-standard","has-post-thumbnail","hentry","category-geral"],"views":934,"_links":{"self":[{"href":"https:\/\/www.sudoestehoje.com.br\/novoportal\/wp-json\/wp\/v2\/posts\/99110","targetHints":{"allow":["GET"]}}],"collection":[{"href":"https:\/\/www.sudoestehoje.com.br\/novoportal\/wp-json\/wp\/v2\/posts"}],"about":[{"href":"https:\/\/www.sudoestehoje.com.br\/novoportal\/wp-json\/wp\/v2\/types\/post"}],"author":[{"embeddable":true,"href":"https:\/\/www.sudoestehoje.com.br\/novoportal\/wp-json\/wp\/v2\/users\/2"}],"replies":[{"embeddable":true,"href":"https:\/\/www.sudoestehoje.com.br\/novoportal\/wp-json\/wp\/v2\/comments?post=99110"}],"version-history":[{"count":3,"href":"https:\/\/www.sudoestehoje.com.br\/novoportal\/wp-json\/wp\/v2\/posts\/99110\/revisions"}],"predecessor-version":[{"id":99114,"href":"https:\/\/www.sudoestehoje.com.br\/novoportal\/wp-json\/wp\/v2\/posts\/99110\/revisions\/99114"}],"wp:featuredmedia":[{"embeddable":true,"href":"https:\/\/www.sudoestehoje.com.br\/novoportal\/wp-json\/wp\/v2\/media\/99113"}],"wp:attachment":[{"href":"https:\/\/www.sudoestehoje.com.br\/novoportal\/wp-json\/wp\/v2\/media?parent=99110"}],"wp:term":[{"taxonomy":"category","embeddable":true,"href":"https:\/\/www.sudoestehoje.com.br\/novoportal\/wp-json\/wp\/v2\/categories?post=99110"},{"taxonomy":"post_tag","embeddable":true,"href":"https:\/\/www.sudoestehoje.com.br\/novoportal\/wp-json\/wp\/v2\/tags?post=99110"}],"curies":[{"name":"wp","href":"https:\/\/api.w.org\/{rel}","templated":true}]}}