
{"id":99096,"date":"2021-12-18T22:33:58","date_gmt":"2021-12-19T01:33:58","guid":{"rendered":"https:\/\/www.sudoestehoje.com.br\/novoportal\/?p=99096"},"modified":"2021-12-18T22:33:58","modified_gmt":"2021-12-19T01:33:58","slug":"ministro-anuncia-reducao-do-intervalo-da-dose-de-reforco-para-4-meses","status":"publish","type":"post","link":"https:\/\/www.sudoestehoje.com.br\/novoportal\/2021\/12\/18\/ministro-anuncia-reducao-do-intervalo-da-dose-de-reforco-para-4-meses\/","title":{"rendered":"MINISTRO ANUNCIA REDU\u00c7\u00c3O DO INTERVALO DA DOSE DE REFOR\u00c7O PARA 4 MESES"},"content":{"rendered":"<p><a href=\"https:\/\/www.sudoestehoje.com.br\/novoportal\/wp-content\/uploads\/2021\/12\/Marcelo-Queiroga.png\"><img loading=\"lazy\" decoding=\"async\" class=\"aligncenter size-medium wp-image-99097\" src=\"https:\/\/www.sudoestehoje.com.br\/novoportal\/wp-content\/uploads\/2021\/12\/Marcelo-Queiroga-500x350.png\" alt=\"\" width=\"500\" height=\"350\" srcset=\"https:\/\/www.sudoestehoje.com.br\/novoportal\/wp-content\/uploads\/2021\/12\/Marcelo-Queiroga-500x350.png 500w, https:\/\/www.sudoestehoje.com.br\/novoportal\/wp-content\/uploads\/2021\/12\/Marcelo-Queiroga.png 600w\" sizes=\"auto, (max-width: 500px) 100vw, 500px\" \/><\/a><\/p>\n<p>O ministro da Sa\u00fade, Marcelo Queiroga, anunciou, neste s\u00e1bado (18), a redu\u00e7\u00e3o do intervalo m\u00ednimo necess\u00e1rio para a aplica\u00e7\u00e3o da vacina de refor\u00e7o contra a Covid-19. O prazo passar\u00e1 de cinco para quatro meses.<\/p>\n<p>Ele publicou em uma rede social que \u201cPara ampliar a prote\u00e7\u00e3o contra a variante \u00d4micron vamos reduzir o intervalo de aplica\u00e7\u00e3o da 3\u00aa dose de cinco para quatro meses. A dose de refor\u00e7o \u00e9 fundamental para frear o avan\u00e7o de novas variantes e reduzir hospitaliza\u00e7\u00f5es e \u00f3bitos, em especial em grupos de risco\u201d.<\/p>\n<p>Ainda de acordo com a postagem, a portaria oficializando a mudan\u00e7a ser\u00e1 publicada na pr\u00f3xima segunda (20).<\/p>\n<p>At\u00e9 meados de novembro, o intervalo definido pelo Minist\u00e9rio da Sa\u00fade para a aplica\u00e7\u00e3o do refor\u00e7o era de seis meses, e a dose era recomendada apenas para idosos e profissionais de sa\u00fade.<\/p>\n<p>Atualmente, a dose de refor\u00e7o \u00e9 recomendada para todos os maiores de 18 anos \u2013 de prefer\u00eancia, com a aplica\u00e7\u00e3o de imunizante diferente em rela\u00e7\u00e3o \u00e0s doses anteriores.<\/p>\n","protected":false},"excerpt":{"rendered":"<p>O ministro da Sa\u00fade, Marcelo Queiroga, anunciou, neste s\u00e1bado (18), a redu\u00e7\u00e3o do intervalo m\u00ednimo necess\u00e1rio para a aplica\u00e7\u00e3o da vacina de refor\u00e7o contra a Covid-19. O prazo passar\u00e1 de cinco para quatro meses. Ele publicou em uma rede social que \u201cPara ampliar a prote\u00e7\u00e3o contra a variante \u00d4micron vamos reduzir o intervalo de aplica\u00e7\u00e3o [&hellip;]<\/p>\n","protected":false},"author":2,"featured_media":99097,"comment_status":"open","ping_status":"open","sticky":false,"template":"","format":"standard","meta":{"footnotes":"","_links_to":"","_links_to_target":""},"categories":[1],"tags":[],"class_list":["post-99096","post","type-post","status-publish","format-standard","has-post-thumbnail","hentry","category-geral"],"views":918,"_links":{"self":[{"href":"https:\/\/www.sudoestehoje.com.br\/novoportal\/wp-json\/wp\/v2\/posts\/99096","targetHints":{"allow":["GET"]}}],"collection":[{"href":"https:\/\/www.sudoestehoje.com.br\/novoportal\/wp-json\/wp\/v2\/posts"}],"about":[{"href":"https:\/\/www.sudoestehoje.com.br\/novoportal\/wp-json\/wp\/v2\/types\/post"}],"author":[{"embeddable":true,"href":"https:\/\/www.sudoestehoje.com.br\/novoportal\/wp-json\/wp\/v2\/users\/2"}],"replies":[{"embeddable":true,"href":"https:\/\/www.sudoestehoje.com.br\/novoportal\/wp-json\/wp\/v2\/comments?post=99096"}],"version-history":[{"count":1,"href":"https:\/\/www.sudoestehoje.com.br\/novoportal\/wp-json\/wp\/v2\/posts\/99096\/revisions"}],"predecessor-version":[{"id":99098,"href":"https:\/\/www.sudoestehoje.com.br\/novoportal\/wp-json\/wp\/v2\/posts\/99096\/revisions\/99098"}],"wp:featuredmedia":[{"embeddable":true,"href":"https:\/\/www.sudoestehoje.com.br\/novoportal\/wp-json\/wp\/v2\/media\/99097"}],"wp:attachment":[{"href":"https:\/\/www.sudoestehoje.com.br\/novoportal\/wp-json\/wp\/v2\/media?parent=99096"}],"wp:term":[{"taxonomy":"category","embeddable":true,"href":"https:\/\/www.sudoestehoje.com.br\/novoportal\/wp-json\/wp\/v2\/categories?post=99096"},{"taxonomy":"post_tag","embeddable":true,"href":"https:\/\/www.sudoestehoje.com.br\/novoportal\/wp-json\/wp\/v2\/tags?post=99096"}],"curies":[{"name":"wp","href":"https:\/\/api.w.org\/{rel}","templated":true}]}}