
{"id":99082,"date":"2021-12-18T20:41:27","date_gmt":"2021-12-18T23:41:27","guid":{"rendered":"https:\/\/www.sudoestehoje.com.br\/novoportal\/?p=99082"},"modified":"2021-12-18T20:41:27","modified_gmt":"2021-12-18T23:41:27","slug":"sobe-para-14-o-numero-de-mortos-na-bahia-em-decorrencia-das-chuvas-2","status":"publish","type":"post","link":"https:\/\/www.sudoestehoje.com.br\/novoportal\/2021\/12\/18\/sobe-para-14-o-numero-de-mortos-na-bahia-em-decorrencia-das-chuvas-2\/","title":{"rendered":"SOBE PARA 14 O N\u00daMERO DE MORTOS NA BAHIA EM DECORR\u00caNCIA DAS CHUVAS"},"content":{"rendered":"<div class=\"mc-column content-text active-extra-styles\" data-block-type=\"unstyled\" data-block-weight=\"41\" data-block-id=\"13\">\n<p data-track-category=\"Link no Texto\" data-track-links=\"\"><a href=\"https:\/\/www.sudoestehoje.com.br\/novoportal\/wp-content\/uploads\/2021\/12\/chuvas-sul-da-bahia-canavieiras.jpg\"><img loading=\"lazy\" decoding=\"async\" class=\"aligncenter size-medium wp-image-99080\" src=\"https:\/\/www.sudoestehoje.com.br\/novoportal\/wp-content\/uploads\/2021\/12\/chuvas-sul-da-bahia-canavieiras-500x315.jpg\" alt=\"\" width=\"500\" height=\"315\" srcset=\"https:\/\/www.sudoestehoje.com.br\/novoportal\/wp-content\/uploads\/2021\/12\/chuvas-sul-da-bahia-canavieiras-500x315.jpg 500w, https:\/\/www.sudoestehoje.com.br\/novoportal\/wp-content\/uploads\/2021\/12\/chuvas-sul-da-bahia-canavieiras-700x441.jpg 700w, https:\/\/www.sudoestehoje.com.br\/novoportal\/wp-content\/uploads\/2021\/12\/chuvas-sul-da-bahia-canavieiras-768x484.jpg 768w, https:\/\/www.sudoestehoje.com.br\/novoportal\/wp-content\/uploads\/2021\/12\/chuvas-sul-da-bahia-canavieiras.jpg 1117w\" sizes=\"auto, (max-width: 500px) 100vw, 500px\" \/><\/a><\/p>\n<p class=\"content-text__container\" data-track-category=\"Link no Texto\" data-track-links=\"\">Na sexta-feira (17), a Superintend\u00eancia de Prote\u00e7\u00e3o e Defesa Civil do Estado da Bahia (Sudec), divulgou que subiu para 14 o n\u00famero de pessoas mortas em decorr\u00eancia das fortes chuvas que atingiram o sudoeste, sul e extremo sul da Bahia.<\/p>\n<\/div>\n<div class=\"mc-column content-text active-extra-styles\" data-block-type=\"unstyled\" data-block-weight=\"16\" data-block-id=\"14\">\n<p class=\"content-text__container\" data-track-category=\"Link no Texto\" data-track-links=\"\">Al\u00e9m disso, o n\u00famero de feridos passou de 267 para 276. As mortes foram registradas em:<\/p>\n<\/div>\n<div class=\"mc-column content-text active-extra-styles\" data-block-type=\"raw\" data-block-weight=\"17\" data-block-id=\"15\">\n<ul class=\"content-unordered-list\">\n<li><strong>Ruy Barbosa\u00a0(1);<\/strong><\/li>\n<li><strong>Itapetinga\u00a0(1);<\/strong><\/li>\n<li><strong>Itaberaba\u00a0(2);<\/strong><\/li>\n<li><strong>Itamaraju\u00a0(3);<\/strong><\/li>\n<li><strong>Macarani\u00a0(1);<\/strong><\/li>\n<li><strong>Prado\u00a0(1);<\/strong><\/li>\n<li><strong>Amargosa\u00a0(2);<\/strong><\/li>\n<li><strong>Jucuru\u00e7u\u00a0(3)<\/strong>.<\/li>\n<\/ul>\n<\/div>\n<div class=\"mc-column content-text active-extra-styles\" data-block-type=\"unstyled\" data-block-weight=\"24\" data-block-id=\"16\">\n<p class=\"content-text__container\" data-track-category=\"Link no Texto\" data-track-links=\"\">Ao todo, 299.360 pessoas foram afetadas pela chuva de alguma forma. Entre as cidades mais afetadas est\u00e3o\u00a0<a href=\"https:\/\/g1.globo.com\/ba\/bahia\/cidade\/itamaraju\/\">Itamaraju<\/a>,\u00a0<a href=\"https:\/\/g1.globo.com\/ba\/bahia\/cidade\/jucurucu\/\">Jucuru\u00e7u<\/a>,\u00a0<a href=\"https:\/\/g1.globo.com\/ba\/bahia\/cidade\/prado\/\">Prado<\/a>,\u00a0<a href=\"https:\/\/g1.globo.com\/ba\/bahia\/cidade\/itanhem\/\">Itanh\u00e9m<\/a>\u00a0e\u00a0<a href=\"https:\/\/g1.globo.com\/ba\/bahia\/cidade\/medeiros-neto\/\">Medeiros Neto<\/a>.<\/p>\n<\/div>\n<div class=\"mc-column content-text active-extra-styles\" data-block-type=\"unstyled\" data-block-weight=\"63\" data-block-id=\"17\">\n<p class=\"content-text__container\" data-track-category=\"Link no Texto\" data-track-links=\"\">At\u00e9 ent\u00e3o, 63 munic\u00edpios est\u00e3o em situa\u00e7\u00e3o de emerg\u00eancia por causa da chuva, desde o in\u00edcio de novembro. Segundo a Sudec, 7.402 pessoas ficaram desabrigadas e precisaram de apoio das prefeituras e 21.564 ficaram desalojadas, o que significa dizer que tamb\u00e9m tiveram que abandonar seus im\u00f3veis, mas n\u00e3o necessitaram de abrigo.<\/p>\n<\/div>\n","protected":false},"excerpt":{"rendered":"<p>Na sexta-feira (17), a Superintend\u00eancia de Prote\u00e7\u00e3o e Defesa Civil do Estado da Bahia (Sudec), divulgou que subiu para 14 o n\u00famero de pessoas mortas em decorr\u00eancia das fortes chuvas que atingiram o sudoeste, sul e extremo sul da Bahia. Al\u00e9m disso, o n\u00famero de feridos passou de 267 para 276. As mortes foram registradas [&hellip;]<\/p>\n","protected":false},"author":2,"featured_media":99080,"comment_status":"open","ping_status":"open","sticky":false,"template":"","format":"standard","meta":{"footnotes":"","_links_to":"","_links_to_target":""},"categories":[1],"tags":[],"class_list":["post-99082","post","type-post","status-publish","format-standard","has-post-thumbnail","hentry","category-geral"],"views":1107,"_links":{"self":[{"href":"https:\/\/www.sudoestehoje.com.br\/novoportal\/wp-json\/wp\/v2\/posts\/99082","targetHints":{"allow":["GET"]}}],"collection":[{"href":"https:\/\/www.sudoestehoje.com.br\/novoportal\/wp-json\/wp\/v2\/posts"}],"about":[{"href":"https:\/\/www.sudoestehoje.com.br\/novoportal\/wp-json\/wp\/v2\/types\/post"}],"author":[{"embeddable":true,"href":"https:\/\/www.sudoestehoje.com.br\/novoportal\/wp-json\/wp\/v2\/users\/2"}],"replies":[{"embeddable":true,"href":"https:\/\/www.sudoestehoje.com.br\/novoportal\/wp-json\/wp\/v2\/comments?post=99082"}],"version-history":[{"count":1,"href":"https:\/\/www.sudoestehoje.com.br\/novoportal\/wp-json\/wp\/v2\/posts\/99082\/revisions"}],"predecessor-version":[{"id":99083,"href":"https:\/\/www.sudoestehoje.com.br\/novoportal\/wp-json\/wp\/v2\/posts\/99082\/revisions\/99083"}],"wp:featuredmedia":[{"embeddable":true,"href":"https:\/\/www.sudoestehoje.com.br\/novoportal\/wp-json\/wp\/v2\/media\/99080"}],"wp:attachment":[{"href":"https:\/\/www.sudoestehoje.com.br\/novoportal\/wp-json\/wp\/v2\/media?parent=99082"}],"wp:term":[{"taxonomy":"category","embeddable":true,"href":"https:\/\/www.sudoestehoje.com.br\/novoportal\/wp-json\/wp\/v2\/categories?post=99082"},{"taxonomy":"post_tag","embeddable":true,"href":"https:\/\/www.sudoestehoje.com.br\/novoportal\/wp-json\/wp\/v2\/tags?post=99082"}],"curies":[{"name":"wp","href":"https:\/\/api.w.org\/{rel}","templated":true}]}}