
{"id":99065,"date":"2021-12-18T18:55:20","date_gmt":"2021-12-18T21:55:20","guid":{"rendered":"https:\/\/www.sudoestehoje.com.br\/novoportal\/?p=99065"},"modified":"2021-12-18T18:55:20","modified_gmt":"2021-12-18T21:55:20","slug":"apos-6-anos-governo-da-bahia-vai-dar-aumento-de-4-aos-servidores","status":"publish","type":"post","link":"https:\/\/www.sudoestehoje.com.br\/novoportal\/2021\/12\/18\/apos-6-anos-governo-da-bahia-vai-dar-aumento-de-4-aos-servidores\/","title":{"rendered":"AP\u00d3S 6 ANOS, GOVERNO DA BAHIA VAI DAR AUMENTO DE 4% AOS SERVIDORES"},"content":{"rendered":"<div class=\"mc-column content-text active-extra-styles \" data-block-type=\"unstyled\" data-block-weight=\"56\" data-block-id=\"2\">\n<p data-track-category=\"Link no Texto\" data-track-links=\"\"><a href=\"https:\/\/www.sudoestehoje.com.br\/novoportal\/wp-content\/uploads\/2021\/12\/image.jpg\"><img loading=\"lazy\" decoding=\"async\" class=\"aligncenter size-medium wp-image-99067\" src=\"https:\/\/www.sudoestehoje.com.br\/novoportal\/wp-content\/uploads\/2021\/12\/image-500x309.jpg\" alt=\"\" width=\"500\" height=\"309\" srcset=\"https:\/\/www.sudoestehoje.com.br\/novoportal\/wp-content\/uploads\/2021\/12\/image-500x309.jpg 500w, https:\/\/www.sudoestehoje.com.br\/novoportal\/wp-content\/uploads\/2021\/12\/image-700x432.jpg 700w, https:\/\/www.sudoestehoje.com.br\/novoportal\/wp-content\/uploads\/2021\/12\/image-768x474.jpg 768w, https:\/\/www.sudoestehoje.com.br\/novoportal\/wp-content\/uploads\/2021\/12\/image.jpg 940w\" sizes=\"auto, (max-width: 500px) 100vw, 500px\" \/><\/a><\/p>\n<p class=\"content-text__container \" data-track-category=\"Link no Texto\" data-track-links=\"\">O Governo do Estado encaminhou nesta sexta-feira (17) para a Assembleia Legislativa da Bahia (ALBA) o projeto de lei que define o reajuste geral do funcionalismo estadual para 2022. N\u00e3o h\u00e1 detalhes sobre quando o projeto ser\u00e1 votado pelos deputados, mas de acordo com o governo as mudan\u00e7as est\u00e3o previstas para o m\u00eas de janeiro.<\/p>\n<\/div>\n<div class=\"wall protected-content\">\n<div class=\"mc-column content-text active-extra-styles \" data-block-type=\"unstyled\" data-block-weight=\"44\" data-block-id=\"3\">\n<p class=\"content-text__container \" data-track-category=\"Link no Texto\" data-track-links=\"\">A proposta \u00e9 de reajuste linear de 4% para todo o funcionalismo p\u00fablico, incluindo servidores ativos, aposentados e pensionistas do Poder Executivo estadual, al\u00e9m de reestrutura\u00e7\u00f5es (com incrementos reais aos vencimentos\/soldos) para servidores da Educa\u00e7\u00e3o, Sa\u00fade, Seguran\u00e7a P\u00fablica e do grupo t\u00e9cnico administrativo.<\/p>\n<p data-track-category=\"Link no Texto\" data-track-links=\"\">Al\u00e9m do reajuste de 4% destinado a todo o funcionalismo, o governo tamb\u00e9m dar\u00e1 o incremento de R$ 300 ao vencimento b\u00e1sico de servidores da Educa\u00e7\u00e3o, Sa\u00fade e Seguran\u00e7a P\u00fablica, a partir de abril de 2022, e de R$ 200 para aqueles que est\u00e3o com vencimento b\u00e1sico abaixo do m\u00ednimo.<\/p>\n<\/div>\n<\/div>\n","protected":false},"excerpt":{"rendered":"<p>O Governo do Estado encaminhou nesta sexta-feira (17) para a Assembleia Legislativa da Bahia (ALBA) o projeto de lei que define o reajuste geral do funcionalismo estadual para 2022. N\u00e3o h\u00e1 detalhes sobre quando o projeto ser\u00e1 votado pelos deputados, mas de acordo com o governo as mudan\u00e7as est\u00e3o previstas para o m\u00eas de janeiro. [&hellip;]<\/p>\n","protected":false},"author":2,"featured_media":99067,"comment_status":"open","ping_status":"open","sticky":false,"template":"","format":"standard","meta":{"footnotes":"","_links_to":"","_links_to_target":""},"categories":[1],"tags":[],"class_list":["post-99065","post","type-post","status-publish","format-standard","has-post-thumbnail","hentry","category-geral"],"views":885,"_links":{"self":[{"href":"https:\/\/www.sudoestehoje.com.br\/novoportal\/wp-json\/wp\/v2\/posts\/99065","targetHints":{"allow":["GET"]}}],"collection":[{"href":"https:\/\/www.sudoestehoje.com.br\/novoportal\/wp-json\/wp\/v2\/posts"}],"about":[{"href":"https:\/\/www.sudoestehoje.com.br\/novoportal\/wp-json\/wp\/v2\/types\/post"}],"author":[{"embeddable":true,"href":"https:\/\/www.sudoestehoje.com.br\/novoportal\/wp-json\/wp\/v2\/users\/2"}],"replies":[{"embeddable":true,"href":"https:\/\/www.sudoestehoje.com.br\/novoportal\/wp-json\/wp\/v2\/comments?post=99065"}],"version-history":[{"count":1,"href":"https:\/\/www.sudoestehoje.com.br\/novoportal\/wp-json\/wp\/v2\/posts\/99065\/revisions"}],"predecessor-version":[{"id":99068,"href":"https:\/\/www.sudoestehoje.com.br\/novoportal\/wp-json\/wp\/v2\/posts\/99065\/revisions\/99068"}],"wp:featuredmedia":[{"embeddable":true,"href":"https:\/\/www.sudoestehoje.com.br\/novoportal\/wp-json\/wp\/v2\/media\/99067"}],"wp:attachment":[{"href":"https:\/\/www.sudoestehoje.com.br\/novoportal\/wp-json\/wp\/v2\/media?parent=99065"}],"wp:term":[{"taxonomy":"category","embeddable":true,"href":"https:\/\/www.sudoestehoje.com.br\/novoportal\/wp-json\/wp\/v2\/categories?post=99065"},{"taxonomy":"post_tag","embeddable":true,"href":"https:\/\/www.sudoestehoje.com.br\/novoportal\/wp-json\/wp\/v2\/tags?post=99065"}],"curies":[{"name":"wp","href":"https:\/\/api.w.org\/{rel}","templated":true}]}}