
{"id":99021,"date":"2021-12-15T10:11:41","date_gmt":"2021-12-15T13:11:41","guid":{"rendered":"https:\/\/www.sudoestehoje.com.br\/novoportal\/?p=99021"},"modified":"2021-12-15T10:14:59","modified_gmt":"2021-12-15T13:14:59","slug":"tse-unifica-horario-de-votacao-nas-eleicoes-de-2o22-vale-horario-de-brasilia","status":"publish","type":"post","link":"https:\/\/www.sudoestehoje.com.br\/novoportal\/2021\/12\/15\/tse-unifica-horario-de-votacao-nas-eleicoes-de-2o22-vale-horario-de-brasilia\/","title":{"rendered":"TSE UNIFICA HOR\u00c1RIO DE VOTA\u00c7\u00c3O NAS ELEI\u00c7\u00d5ES DE 2O22; VALE HOR\u00c1RIO DE BRAS\u00cdLIA"},"content":{"rendered":"<p><a href=\"https:\/\/www.sudoestehoje.com.br\/novoportal\/wp-content\/uploads\/2021\/12\/50429036346_a9271a4327_o.jpg\"><img loading=\"lazy\" decoding=\"async\" class=\"size-medium wp-image-99023\" src=\"https:\/\/www.sudoestehoje.com.br\/novoportal\/wp-content\/uploads\/2021\/12\/50429036346_a9271a4327_o-500x250.jpg\" alt=\"\" width=\"500\" height=\"250\" srcset=\"https:\/\/www.sudoestehoje.com.br\/novoportal\/wp-content\/uploads\/2021\/12\/50429036346_a9271a4327_o-500x250.jpg 500w, https:\/\/www.sudoestehoje.com.br\/novoportal\/wp-content\/uploads\/2021\/12\/50429036346_a9271a4327_o-700x350.jpg 700w, https:\/\/www.sudoestehoje.com.br\/novoportal\/wp-content\/uploads\/2021\/12\/50429036346_a9271a4327_o-768x384.jpg 768w, https:\/\/www.sudoestehoje.com.br\/novoportal\/wp-content\/uploads\/2021\/12\/50429036346_a9271a4327_o-1536x768.jpg 1536w, https:\/\/www.sudoestehoje.com.br\/novoportal\/wp-content\/uploads\/2021\/12\/50429036346_a9271a4327_o.jpg 1600w\" sizes=\"auto, (max-width: 500px) 100vw, 500px\" \/><\/a><\/p>\n<p>O Tribunal Superior Eleitoral (TSE) decidiu nesta ter\u00e7a-feira, 14, unificar o hor\u00e1rio de vota\u00e7\u00e3o nas elei\u00e7\u00f5es de 2022. Com a decis\u00e3o, todos os estados dever\u00e3o seguir o hor\u00e1rio de Bras\u00edlia, e n\u00e3o o hor\u00e1rio local. A vota\u00e7\u00e3o ser\u00e1 realizada das 8h \u00e0s 17h em todo o pa\u00eds.<\/p>\n<p>Dessa forma, a vota\u00e7\u00e3o ser\u00e1 das 7h \u00e0s 16h no Amazonas, em Rond\u00f4nia, em Roraima, no Mato Grosso e no Mato Grosso do Sul,\u00a0onde o fuso \u00e9 uma hora a menos em rela\u00e7\u00e3o \u00e0 capital federal. No Acre, o pleito come\u00e7ar\u00e1 \u00e0s 6h e terminar\u00e1 \u00e0s 15h, pois o fuso hor\u00e1rio \u00e9 duas horas a menos que o hor\u00e1rio de Bras\u00edlia. Em Fernando de Noronha, que est\u00e1 uma hora \u00e0 frente, a vota\u00e7\u00e3o ser\u00e1 das 9h \u00e0s 18h.<\/p>\n<p>Ao comentar a mudan\u00e7a, o presidente do Tribunal Superior Eleitoral (TSE), Lu\u00eds Roberto Barroso, disse que a medida foi tomada para que as elei\u00e7\u00f5es possam transcorrer com tranquilidade e n\u00e3o ocorra d\u00favidas sobre a lisura na divulga\u00e7\u00e3o de resultados.<\/p>\n","protected":false},"excerpt":{"rendered":"<p>O Tribunal Superior Eleitoral (TSE) decidiu nesta ter\u00e7a-feira, 14, unificar o hor\u00e1rio de vota\u00e7\u00e3o nas elei\u00e7\u00f5es de 2022. Com a decis\u00e3o, todos os estados dever\u00e3o seguir o hor\u00e1rio de Bras\u00edlia, e n\u00e3o o hor\u00e1rio local. A vota\u00e7\u00e3o ser\u00e1 realizada das 8h \u00e0s 17h em todo o pa\u00eds. Dessa forma, a vota\u00e7\u00e3o ser\u00e1 das 7h \u00e0s [&hellip;]<\/p>\n","protected":false},"author":2,"featured_media":99023,"comment_status":"open","ping_status":"open","sticky":false,"template":"","format":"standard","meta":{"footnotes":"","_links_to":"","_links_to_target":""},"categories":[1],"tags":[],"class_list":["post-99021","post","type-post","status-publish","format-standard","has-post-thumbnail","hentry","category-geral"],"views":716,"_links":{"self":[{"href":"https:\/\/www.sudoestehoje.com.br\/novoportal\/wp-json\/wp\/v2\/posts\/99021","targetHints":{"allow":["GET"]}}],"collection":[{"href":"https:\/\/www.sudoestehoje.com.br\/novoportal\/wp-json\/wp\/v2\/posts"}],"about":[{"href":"https:\/\/www.sudoestehoje.com.br\/novoportal\/wp-json\/wp\/v2\/types\/post"}],"author":[{"embeddable":true,"href":"https:\/\/www.sudoestehoje.com.br\/novoportal\/wp-json\/wp\/v2\/users\/2"}],"replies":[{"embeddable":true,"href":"https:\/\/www.sudoestehoje.com.br\/novoportal\/wp-json\/wp\/v2\/comments?post=99021"}],"version-history":[{"count":2,"href":"https:\/\/www.sudoestehoje.com.br\/novoportal\/wp-json\/wp\/v2\/posts\/99021\/revisions"}],"predecessor-version":[{"id":99024,"href":"https:\/\/www.sudoestehoje.com.br\/novoportal\/wp-json\/wp\/v2\/posts\/99021\/revisions\/99024"}],"wp:featuredmedia":[{"embeddable":true,"href":"https:\/\/www.sudoestehoje.com.br\/novoportal\/wp-json\/wp\/v2\/media\/99023"}],"wp:attachment":[{"href":"https:\/\/www.sudoestehoje.com.br\/novoportal\/wp-json\/wp\/v2\/media?parent=99021"}],"wp:term":[{"taxonomy":"category","embeddable":true,"href":"https:\/\/www.sudoestehoje.com.br\/novoportal\/wp-json\/wp\/v2\/categories?post=99021"},{"taxonomy":"post_tag","embeddable":true,"href":"https:\/\/www.sudoestehoje.com.br\/novoportal\/wp-json\/wp\/v2\/tags?post=99021"}],"curies":[{"name":"wp","href":"https:\/\/api.w.org\/{rel}","templated":true}]}}