
{"id":98918,"date":"2021-12-13T17:43:44","date_gmt":"2021-12-13T20:43:44","guid":{"rendered":"https:\/\/www.sudoestehoje.com.br\/novoportal\/?p=98918"},"modified":"2021-12-13T17:43:44","modified_gmt":"2021-12-13T20:43:44","slug":"apos-chuvas-bahia-registra-10-mortes-267-feridos-e-63-mil-desabrigados","status":"publish","type":"post","link":"https:\/\/www.sudoestehoje.com.br\/novoportal\/2021\/12\/13\/apos-chuvas-bahia-registra-10-mortes-267-feridos-e-63-mil-desabrigados\/","title":{"rendered":"AP\u00d3S CHUVAS, BAHIA REGISTRA 10 MORTES, 267 FERIDOS E 6,3 MIL DESABRIGADOS"},"content":{"rendered":"<p><a href=\"https:\/\/www.sudoestehoje.com.br\/novoportal\/wp-content\/uploads\/2021\/12\/csm_csm_itamaraju_sulbahia_bb532036f6_5afcdb0f5b.jpg\"><img loading=\"lazy\" decoding=\"async\" class=\"aligncenter size-medium wp-image-98920\" src=\"https:\/\/www.sudoestehoje.com.br\/novoportal\/wp-content\/uploads\/2021\/12\/csm_csm_itamaraju_sulbahia_bb532036f6_5afcdb0f5b-500x334.jpg\" alt=\"\" width=\"500\" height=\"334\" srcset=\"https:\/\/www.sudoestehoje.com.br\/novoportal\/wp-content\/uploads\/2021\/12\/csm_csm_itamaraju_sulbahia_bb532036f6_5afcdb0f5b-500x334.jpg 500w, https:\/\/www.sudoestehoje.com.br\/novoportal\/wp-content\/uploads\/2021\/12\/csm_csm_itamaraju_sulbahia_bb532036f6_5afcdb0f5b-700x467.jpg 700w, https:\/\/www.sudoestehoje.com.br\/novoportal\/wp-content\/uploads\/2021\/12\/csm_csm_itamaraju_sulbahia_bb532036f6_5afcdb0f5b-768x512.jpg 768w, https:\/\/www.sudoestehoje.com.br\/novoportal\/wp-content\/uploads\/2021\/12\/csm_csm_itamaraju_sulbahia_bb532036f6_5afcdb0f5b.jpg 940w\" sizes=\"auto, (max-width: 500px) 100vw, 500px\" \/><\/a><\/p>\n<p>A Defesa Civil do Estado da Bahia (Sudec) informou, no come\u00e7o da tarde desta segunda-feira (13), que o estado registrou 10 mortes e 267 feridos ap\u00f3s seis dias de chuvas intensas.<\/p>\n<p>Al\u00e9m disso, 6.371 est\u00e3o desabrigados, outros 15.199 desalojados por causa dos estragos causados pelos temporais no estado. No total, 220.297 pessoas foram atingidas pela chuva e 51 cidades decretaram situa\u00e7\u00e3o de emerg\u00eancia.<\/p>\n<p>Ainda de acordo com a Defesa Civil, as mortes foram registradas em Amargosa (2), Itaberaba (2), Itamaraju (3), Macarani (1), Prado (1) e Ruy Barbosa (1).<\/p>\n<p>Os n\u00fameros podem crescer, j\u00e1 que a Sudec diz que ainda n\u00e3o conseguiu contato com todas as cidades em situa\u00e7\u00e3o de emerg\u00eancia.<\/p>\n<p>Conforme o \u00f3rg\u00e3o, os n\u00fameros s\u00e3o referentes a estragados causados pela chuva desde o m\u00eas de novembro, quando algumas cidades j\u00e1 haviam decretado situa\u00e7\u00e3o de emerg\u00eancia.<\/p>\n","protected":false},"excerpt":{"rendered":"<p>A Defesa Civil do Estado da Bahia (Sudec) informou, no come\u00e7o da tarde desta segunda-feira (13), que o estado registrou 10 mortes e 267 feridos ap\u00f3s seis dias de chuvas intensas. Al\u00e9m disso, 6.371 est\u00e3o desabrigados, outros 15.199 desalojados por causa dos estragos causados pelos temporais no estado. No total, 220.297 pessoas foram atingidas pela [&hellip;]<\/p>\n","protected":false},"author":2,"featured_media":98920,"comment_status":"open","ping_status":"open","sticky":false,"template":"","format":"standard","meta":{"footnotes":"","_links_to":"","_links_to_target":""},"categories":[1],"tags":[],"class_list":["post-98918","post","type-post","status-publish","format-standard","has-post-thumbnail","hentry","category-geral"],"views":966,"_links":{"self":[{"href":"https:\/\/www.sudoestehoje.com.br\/novoportal\/wp-json\/wp\/v2\/posts\/98918","targetHints":{"allow":["GET"]}}],"collection":[{"href":"https:\/\/www.sudoestehoje.com.br\/novoportal\/wp-json\/wp\/v2\/posts"}],"about":[{"href":"https:\/\/www.sudoestehoje.com.br\/novoportal\/wp-json\/wp\/v2\/types\/post"}],"author":[{"embeddable":true,"href":"https:\/\/www.sudoestehoje.com.br\/novoportal\/wp-json\/wp\/v2\/users\/2"}],"replies":[{"embeddable":true,"href":"https:\/\/www.sudoestehoje.com.br\/novoportal\/wp-json\/wp\/v2\/comments?post=98918"}],"version-history":[{"count":2,"href":"https:\/\/www.sudoestehoje.com.br\/novoportal\/wp-json\/wp\/v2\/posts\/98918\/revisions"}],"predecessor-version":[{"id":98921,"href":"https:\/\/www.sudoestehoje.com.br\/novoportal\/wp-json\/wp\/v2\/posts\/98918\/revisions\/98921"}],"wp:featuredmedia":[{"embeddable":true,"href":"https:\/\/www.sudoestehoje.com.br\/novoportal\/wp-json\/wp\/v2\/media\/98920"}],"wp:attachment":[{"href":"https:\/\/www.sudoestehoje.com.br\/novoportal\/wp-json\/wp\/v2\/media?parent=98918"}],"wp:term":[{"taxonomy":"category","embeddable":true,"href":"https:\/\/www.sudoestehoje.com.br\/novoportal\/wp-json\/wp\/v2\/categories?post=98918"},{"taxonomy":"post_tag","embeddable":true,"href":"https:\/\/www.sudoestehoje.com.br\/novoportal\/wp-json\/wp\/v2\/tags?post=98918"}],"curies":[{"name":"wp","href":"https:\/\/api.w.org\/{rel}","templated":true}]}}