
{"id":98915,"date":"2021-12-13T10:07:03","date_gmt":"2021-12-13T13:07:03","guid":{"rendered":"https:\/\/www.sudoestehoje.com.br\/novoportal\/?p=98915"},"modified":"2021-12-13T10:07:03","modified_gmt":"2021-12-13T13:07:03","slug":"vereador-helder-de-bandeira-prestigiou-inauguracao-da-nova-matinha","status":"publish","type":"post","link":"https:\/\/www.sudoestehoje.com.br\/novoportal\/2021\/12\/13\/vereador-helder-de-bandeira-prestigiou-inauguracao-da-nova-matinha\/","title":{"rendered":"VEREADOR HELDER DE BANDEIRA PRESTIGIOU INAUGURA\u00c7\u00c3O DA NOVA MATINHA"},"content":{"rendered":"<p><a href=\"https:\/\/www.sudoestehoje.com.br\/novoportal\/wp-content\/uploads\/2021\/12\/WhatsApp-Image-2021-12-13-at-10.03.13.jpeg\"><img loading=\"lazy\" decoding=\"async\" class=\"aligncenter size-medium wp-image-98916\" src=\"https:\/\/www.sudoestehoje.com.br\/novoportal\/wp-content\/uploads\/2021\/12\/WhatsApp-Image-2021-12-13-at-10.03.13-500x375.jpeg\" alt=\"\" width=\"500\" height=\"375\" srcset=\"https:\/\/www.sudoestehoje.com.br\/novoportal\/wp-content\/uploads\/2021\/12\/WhatsApp-Image-2021-12-13-at-10.03.13-500x375.jpeg 500w, https:\/\/www.sudoestehoje.com.br\/novoportal\/wp-content\/uploads\/2021\/12\/WhatsApp-Image-2021-12-13-at-10.03.13-700x525.jpeg 700w, https:\/\/www.sudoestehoje.com.br\/novoportal\/wp-content\/uploads\/2021\/12\/WhatsApp-Image-2021-12-13-at-10.03.13-768x576.jpeg 768w, https:\/\/www.sudoestehoje.com.br\/novoportal\/wp-content\/uploads\/2021\/12\/WhatsApp-Image-2021-12-13-at-10.03.13-1536x1152.jpeg 1536w, https:\/\/www.sudoestehoje.com.br\/novoportal\/wp-content\/uploads\/2021\/12\/WhatsApp-Image-2021-12-13-at-10.03.13.jpeg 1600w\" sizes=\"auto, (max-width: 500px) 100vw, 500px\" \/><\/a><\/p>\n<p>Ao lado de assessores e apoiadores do distrito de Bandeira do Col\u00f4nia, o vereador Helder Ladeia (PSC) marcou presen\u00e7a no ato de inaugura\u00e7\u00e3o do novo Parque da Matinha, na manh\u00e3 deste domingo (12), em Itapetinga.<\/p>\n<p>Durante o evento, o atuante vereador foi cumprimentado pelo pr\u00e9-candidato ao governo do estado, ACM Neto, pelo prefeito Rodrigo Hagge e pelo deputado estadual Pedro Tavares.<\/p>\n<p>Ao lado dos vereadores da bancada do prefeito na C\u00e2mara, Helder foi saudado pelo p\u00fablico presente ao evento, que reconhece a sua seriedade e atua\u00e7\u00e3o ativa em defesa dos interesses do distrito de Bandeira do Col\u00f4nia.<\/p>\n<p>Show de bola&#8230;<\/p>\n<p><strong><em>Por Davi Ferraz<\/em><\/strong><\/p>\n","protected":false},"excerpt":{"rendered":"<p>Ao lado de assessores e apoiadores do distrito de Bandeira do Col\u00f4nia, o vereador Helder Ladeia (PSC) marcou presen\u00e7a no ato de inaugura\u00e7\u00e3o do novo Parque da Matinha, na manh\u00e3 deste domingo (12), em Itapetinga. Durante o evento, o atuante vereador foi cumprimentado pelo pr\u00e9-candidato ao governo do estado, ACM Neto, pelo prefeito Rodrigo Hagge [&hellip;]<\/p>\n","protected":false},"author":2,"featured_media":98916,"comment_status":"open","ping_status":"open","sticky":false,"template":"","format":"standard","meta":{"footnotes":"","_links_to":"","_links_to_target":""},"categories":[1],"tags":[],"class_list":["post-98915","post","type-post","status-publish","format-standard","has-post-thumbnail","hentry","category-geral"],"views":1002,"_links":{"self":[{"href":"https:\/\/www.sudoestehoje.com.br\/novoportal\/wp-json\/wp\/v2\/posts\/98915","targetHints":{"allow":["GET"]}}],"collection":[{"href":"https:\/\/www.sudoestehoje.com.br\/novoportal\/wp-json\/wp\/v2\/posts"}],"about":[{"href":"https:\/\/www.sudoestehoje.com.br\/novoportal\/wp-json\/wp\/v2\/types\/post"}],"author":[{"embeddable":true,"href":"https:\/\/www.sudoestehoje.com.br\/novoportal\/wp-json\/wp\/v2\/users\/2"}],"replies":[{"embeddable":true,"href":"https:\/\/www.sudoestehoje.com.br\/novoportal\/wp-json\/wp\/v2\/comments?post=98915"}],"version-history":[{"count":1,"href":"https:\/\/www.sudoestehoje.com.br\/novoportal\/wp-json\/wp\/v2\/posts\/98915\/revisions"}],"predecessor-version":[{"id":98917,"href":"https:\/\/www.sudoestehoje.com.br\/novoportal\/wp-json\/wp\/v2\/posts\/98915\/revisions\/98917"}],"wp:featuredmedia":[{"embeddable":true,"href":"https:\/\/www.sudoestehoje.com.br\/novoportal\/wp-json\/wp\/v2\/media\/98916"}],"wp:attachment":[{"href":"https:\/\/www.sudoestehoje.com.br\/novoportal\/wp-json\/wp\/v2\/media?parent=98915"}],"wp:term":[{"taxonomy":"category","embeddable":true,"href":"https:\/\/www.sudoestehoje.com.br\/novoportal\/wp-json\/wp\/v2\/categories?post=98915"},{"taxonomy":"post_tag","embeddable":true,"href":"https:\/\/www.sudoestehoje.com.br\/novoportal\/wp-json\/wp\/v2\/tags?post=98915"}],"curies":[{"name":"wp","href":"https:\/\/api.w.org\/{rel}","templated":true}]}}