
{"id":98910,"date":"2021-12-13T09:16:19","date_gmt":"2021-12-13T12:16:19","guid":{"rendered":"https:\/\/www.sudoestehoje.com.br\/novoportal\/?p=98910"},"modified":"2021-12-13T09:16:19","modified_gmt":"2021-12-13T12:16:19","slug":"itapetinga-aliado-de-rui-costa-prefeito-de-itororo-sobe-no-palanque-de-acm-neto","status":"publish","type":"post","link":"https:\/\/www.sudoestehoje.com.br\/novoportal\/2021\/12\/13\/itapetinga-aliado-de-rui-costa-prefeito-de-itororo-sobe-no-palanque-de-acm-neto\/","title":{"rendered":"ITAPETINGA: ALIADO DE RUI COSTA, PREFEITO DE ITOROR\u00d3 SOBE NO PALANQUE DE ACM NETO"},"content":{"rendered":"<p><a href=\"https:\/\/www.sudoestehoje.com.br\/novoportal\/wp-content\/uploads\/2021\/12\/WhatsApp-Image-2021-12-13-at-08.55.40.jpeg\"><img loading=\"lazy\" decoding=\"async\" class=\"aligncenter size-medium wp-image-98912\" src=\"https:\/\/www.sudoestehoje.com.br\/novoportal\/wp-content\/uploads\/2021\/12\/WhatsApp-Image-2021-12-13-at-08.55.40-500x289.jpeg\" alt=\"\" width=\"500\" height=\"289\" srcset=\"https:\/\/www.sudoestehoje.com.br\/novoportal\/wp-content\/uploads\/2021\/12\/WhatsApp-Image-2021-12-13-at-08.55.40-500x289.jpeg 500w, https:\/\/www.sudoestehoje.com.br\/novoportal\/wp-content\/uploads\/2021\/12\/WhatsApp-Image-2021-12-13-at-08.55.40.jpeg 662w\" sizes=\"auto, (max-width: 500px) 100vw, 500px\" \/><\/a><\/p>\n<p>Na inaugura\u00e7\u00e3o do Parque da Matinha, neste domingo (12), em Itapetinga, v\u00e1rios pol\u00edticos da regi\u00e3o compareceram para prestar apoio ao pr\u00e9-candidato a governador ACM Neto, estrela do evento, ao lado do prefeito Rodrigo Hagge, &#8216;dono&#8217; da festa.<\/p>\n<p>Dentre os pol\u00edticos presentes no palanque montado para receber ACM Neto, destacou-se o prefeito da vizinha cidade de Itoror\u00f3,<em><strong> Paulo Rios<\/strong><\/em>, tido at\u00e9 ent\u00e3o como aliado arrependido do governador Rui Costa.<\/p>\n<p>Nos bastidores, comenta-se que Paulo Rios e seu grupo n\u00e3o estariam satisfeitos com as promessas n\u00e3o cumpridas do governador, via Rosemberg Pinto (PT), e que o apoio \u00e0 candidatura de ACM Neto \u00e9 dada como iminente.<\/p>\n<p>J\u00e1 virou ou vai virar?<\/p>\n<p><strong><em>Por Davi Ferraz<\/em><\/strong><\/p>\n","protected":false},"excerpt":{"rendered":"<p>Na inaugura\u00e7\u00e3o do Parque da Matinha, neste domingo (12), em Itapetinga, v\u00e1rios pol\u00edticos da regi\u00e3o compareceram para prestar apoio ao pr\u00e9-candidato a governador ACM Neto, estrela do evento, ao lado do prefeito Rodrigo Hagge, &#8216;dono&#8217; da festa. Dentre os pol\u00edticos presentes no palanque montado para receber ACM Neto, destacou-se o prefeito da vizinha cidade de [&hellip;]<\/p>\n","protected":false},"author":2,"featured_media":98912,"comment_status":"open","ping_status":"open","sticky":false,"template":"","format":"standard","meta":{"footnotes":"","_links_to":"","_links_to_target":""},"categories":[1],"tags":[],"class_list":["post-98910","post","type-post","status-publish","format-standard","has-post-thumbnail","hentry","category-geral"],"views":2063,"_links":{"self":[{"href":"https:\/\/www.sudoestehoje.com.br\/novoportal\/wp-json\/wp\/v2\/posts\/98910","targetHints":{"allow":["GET"]}}],"collection":[{"href":"https:\/\/www.sudoestehoje.com.br\/novoportal\/wp-json\/wp\/v2\/posts"}],"about":[{"href":"https:\/\/www.sudoestehoje.com.br\/novoportal\/wp-json\/wp\/v2\/types\/post"}],"author":[{"embeddable":true,"href":"https:\/\/www.sudoestehoje.com.br\/novoportal\/wp-json\/wp\/v2\/users\/2"}],"replies":[{"embeddable":true,"href":"https:\/\/www.sudoestehoje.com.br\/novoportal\/wp-json\/wp\/v2\/comments?post=98910"}],"version-history":[{"count":3,"href":"https:\/\/www.sudoestehoje.com.br\/novoportal\/wp-json\/wp\/v2\/posts\/98910\/revisions"}],"predecessor-version":[{"id":98914,"href":"https:\/\/www.sudoestehoje.com.br\/novoportal\/wp-json\/wp\/v2\/posts\/98910\/revisions\/98914"}],"wp:featuredmedia":[{"embeddable":true,"href":"https:\/\/www.sudoestehoje.com.br\/novoportal\/wp-json\/wp\/v2\/media\/98912"}],"wp:attachment":[{"href":"https:\/\/www.sudoestehoje.com.br\/novoportal\/wp-json\/wp\/v2\/media?parent=98910"}],"wp:term":[{"taxonomy":"category","embeddable":true,"href":"https:\/\/www.sudoestehoje.com.br\/novoportal\/wp-json\/wp\/v2\/categories?post=98910"},{"taxonomy":"post_tag","embeddable":true,"href":"https:\/\/www.sudoestehoje.com.br\/novoportal\/wp-json\/wp\/v2\/tags?post=98910"}],"curies":[{"name":"wp","href":"https:\/\/api.w.org\/{rel}","templated":true}]}}