
{"id":98905,"date":"2021-12-13T08:59:00","date_gmt":"2021-12-13T11:59:00","guid":{"rendered":"https:\/\/www.sudoestehoje.com.br\/novoportal\/?p=98905"},"modified":"2021-12-13T08:59:00","modified_gmt":"2021-12-13T11:59:00","slug":"coordenadora-regional-do-move-mulher-manu-brandao-recepciona-acm-neto","status":"publish","type":"post","link":"https:\/\/www.sudoestehoje.com.br\/novoportal\/2021\/12\/13\/coordenadora-regional-do-move-mulher-manu-brandao-recepciona-acm-neto\/","title":{"rendered":"COORDENADORA REGIONAL DO &#8216;MOVE MULHER&#8217;, MANU BRAND\u00c3O RECEPCIONA ACM NETO"},"content":{"rendered":"<p><a href=\"https:\/\/www.sudoestehoje.com.br\/novoportal\/wp-content\/uploads\/2021\/12\/WhatsApp-Image-2021-12-12-at-21.11.54.jpeg\"><img loading=\"lazy\" decoding=\"async\" class=\"aligncenter size-medium wp-image-98908\" src=\"https:\/\/www.sudoestehoje.com.br\/novoportal\/wp-content\/uploads\/2021\/12\/WhatsApp-Image-2021-12-12-at-21.11.54-500x375.jpeg\" alt=\"\" width=\"500\" height=\"375\" srcset=\"https:\/\/www.sudoestehoje.com.br\/novoportal\/wp-content\/uploads\/2021\/12\/WhatsApp-Image-2021-12-12-at-21.11.54-500x375.jpeg 500w, https:\/\/www.sudoestehoje.com.br\/novoportal\/wp-content\/uploads\/2021\/12\/WhatsApp-Image-2021-12-12-at-21.11.54-700x525.jpeg 700w, https:\/\/www.sudoestehoje.com.br\/novoportal\/wp-content\/uploads\/2021\/12\/WhatsApp-Image-2021-12-12-at-21.11.54-768x576.jpeg 768w, https:\/\/www.sudoestehoje.com.br\/novoportal\/wp-content\/uploads\/2021\/12\/WhatsApp-Image-2021-12-12-at-21.11.54-1536x1152.jpeg 1536w, https:\/\/www.sudoestehoje.com.br\/novoportal\/wp-content\/uploads\/2021\/12\/WhatsApp-Image-2021-12-12-at-21.11.54.jpeg 1600w\" sizes=\"auto, (max-width: 500px) 100vw, 500px\" \/><\/a><\/p>\n<p>A coordenadora regional do movimento &#8216;Move Mulher&#8217;, vereadora Manu Brand\u00e3o, teve participa\u00e7\u00e3o ativa na recep\u00e7\u00e3o ao pr\u00e9-candidato a governador da Bahia, ACM Neto, durante a sua estadia em Itapetinga, neste domingo (12), para inaugura\u00e7\u00e3o do novo Parque da Matinha.<\/p>\n<p>Ao lado do prefeito Rodrigo Hagge e demais autoridades, Manu trocou ideias com Neto e posou para fotos ao seu lado, durante toda a programa\u00e7\u00e3o do evento.<\/p>\n<p>Manu Brand\u00e3o foi a vereadora mais votada no munic\u00edpio, no \u00faltimo pleito, com participa\u00e7\u00e3o ativa no legislativo municipal.<\/p>\n<p><strong><em>Por Davi Ferraz\u00a0<\/em><\/strong><\/p>\n","protected":false},"excerpt":{"rendered":"<p>A coordenadora regional do movimento &#8216;Move Mulher&#8217;, vereadora Manu Brand\u00e3o, teve participa\u00e7\u00e3o ativa na recep\u00e7\u00e3o ao pr\u00e9-candidato a governador da Bahia, ACM Neto, durante a sua estadia em Itapetinga, neste domingo (12), para inaugura\u00e7\u00e3o do novo Parque da Matinha. Ao lado do prefeito Rodrigo Hagge e demais autoridades, Manu trocou ideias com Neto e posou [&hellip;]<\/p>\n","protected":false},"author":2,"featured_media":98908,"comment_status":"open","ping_status":"open","sticky":false,"template":"","format":"standard","meta":{"footnotes":"","_links_to":"","_links_to_target":""},"categories":[1],"tags":[],"class_list":["post-98905","post","type-post","status-publish","format-standard","has-post-thumbnail","hentry","category-geral"],"views":673,"_links":{"self":[{"href":"https:\/\/www.sudoestehoje.com.br\/novoportal\/wp-json\/wp\/v2\/posts\/98905","targetHints":{"allow":["GET"]}}],"collection":[{"href":"https:\/\/www.sudoestehoje.com.br\/novoportal\/wp-json\/wp\/v2\/posts"}],"about":[{"href":"https:\/\/www.sudoestehoje.com.br\/novoportal\/wp-json\/wp\/v2\/types\/post"}],"author":[{"embeddable":true,"href":"https:\/\/www.sudoestehoje.com.br\/novoportal\/wp-json\/wp\/v2\/users\/2"}],"replies":[{"embeddable":true,"href":"https:\/\/www.sudoestehoje.com.br\/novoportal\/wp-json\/wp\/v2\/comments?post=98905"}],"version-history":[{"count":3,"href":"https:\/\/www.sudoestehoje.com.br\/novoportal\/wp-json\/wp\/v2\/posts\/98905\/revisions"}],"predecessor-version":[{"id":98909,"href":"https:\/\/www.sudoestehoje.com.br\/novoportal\/wp-json\/wp\/v2\/posts\/98905\/revisions\/98909"}],"wp:featuredmedia":[{"embeddable":true,"href":"https:\/\/www.sudoestehoje.com.br\/novoportal\/wp-json\/wp\/v2\/media\/98908"}],"wp:attachment":[{"href":"https:\/\/www.sudoestehoje.com.br\/novoportal\/wp-json\/wp\/v2\/media?parent=98905"}],"wp:term":[{"taxonomy":"category","embeddable":true,"href":"https:\/\/www.sudoestehoje.com.br\/novoportal\/wp-json\/wp\/v2\/categories?post=98905"},{"taxonomy":"post_tag","embeddable":true,"href":"https:\/\/www.sudoestehoje.com.br\/novoportal\/wp-json\/wp\/v2\/tags?post=98905"}],"curies":[{"name":"wp","href":"https:\/\/api.w.org\/{rel}","templated":true}]}}