
{"id":98853,"date":"2021-12-11T23:34:21","date_gmt":"2021-12-12T02:34:21","guid":{"rendered":"https:\/\/www.sudoestehoje.com.br\/novoportal\/?p=98853"},"modified":"2021-12-11T23:36:40","modified_gmt":"2021-12-12T02:36:40","slug":"antonios-brito-nao-comparecera-a-rebertura-da-matinha-por-compromissos-em-brasilia","status":"publish","type":"post","link":"https:\/\/www.sudoestehoje.com.br\/novoportal\/2021\/12\/11\/antonios-brito-nao-comparecera-a-rebertura-da-matinha-por-compromissos-em-brasilia\/","title":{"rendered":"ANTONIO BRITO N\u00c3O COMPARECER\u00c1 \u00c0 REBERTURA DA MATINHA POR COMPROMISSOS EM BRASILIA"},"content":{"rendered":"<p><a href=\"https:\/\/www.sudoestehoje.com.br\/novoportal\/wp-content\/uploads\/2021\/12\/WhatsApp-Image-2021-12-11-at-23.15.24.jpeg\"><img loading=\"lazy\" decoding=\"async\" class=\"aligncenter size-medium wp-image-98854\" src=\"https:\/\/www.sudoestehoje.com.br\/novoportal\/wp-content\/uploads\/2021\/12\/WhatsApp-Image-2021-12-11-at-23.15.24-500x327.jpeg\" alt=\"\" width=\"500\" height=\"327\" srcset=\"https:\/\/www.sudoestehoje.com.br\/novoportal\/wp-content\/uploads\/2021\/12\/WhatsApp-Image-2021-12-11-at-23.15.24-500x327.jpeg 500w, https:\/\/www.sudoestehoje.com.br\/novoportal\/wp-content\/uploads\/2021\/12\/WhatsApp-Image-2021-12-11-at-23.15.24-700x458.jpeg 700w, https:\/\/www.sudoestehoje.com.br\/novoportal\/wp-content\/uploads\/2021\/12\/WhatsApp-Image-2021-12-11-at-23.15.24-768x503.jpeg 768w, https:\/\/www.sudoestehoje.com.br\/novoportal\/wp-content\/uploads\/2021\/12\/WhatsApp-Image-2021-12-11-at-23.15.24.jpeg 1280w\" sizes=\"auto, (max-width: 500px) 100vw, 500px\" \/><\/a><\/p>\n<p>O deputado federal Antonio Brito retornar\u00e1 \u00e0 Bras\u00edlia neste domingo (12) para reuni\u00f5es, onde ser\u00e1 iniciada a prepara\u00e7\u00e3o dos trabalhos desta semana na C\u00e2mara dos Deputados, que ter\u00e1 sess\u00e3o extraordin\u00e1ria na segunda-feira, com an\u00e1lise de pautas importantes, a exemplo do Or\u00e7amento de 2022, cujo relator-geral, deputado Hugo Leal, pertence ao PSD\/RJ.<\/p>\n<p><em>&#8220;Parabenizo a cidade de Itapetinga e o prefeito Rodrigo Hagge pela inaugura\u00e7\u00e3o do Parque Zoobot\u00e2nico da Matinha&#8221;<\/em>, celebrou o deputado Antonio Brito, que contribuiu com a retomada das atividades da Matinha destinando emendas parlamentares.<\/p>\n","protected":false},"excerpt":{"rendered":"<p>O deputado federal Antonio Brito retornar\u00e1 \u00e0 Bras\u00edlia neste domingo (12) para reuni\u00f5es, onde ser\u00e1 iniciada a prepara\u00e7\u00e3o dos trabalhos desta semana na C\u00e2mara dos Deputados, que ter\u00e1 sess\u00e3o extraordin\u00e1ria na segunda-feira, com an\u00e1lise de pautas importantes, a exemplo do Or\u00e7amento de 2022, cujo relator-geral, deputado Hugo Leal, pertence ao PSD\/RJ. &#8220;Parabenizo a cidade de [&hellip;]<\/p>\n","protected":false},"author":2,"featured_media":98854,"comment_status":"open","ping_status":"open","sticky":false,"template":"","format":"standard","meta":{"footnotes":"","_links_to":"","_links_to_target":""},"categories":[1],"tags":[],"class_list":["post-98853","post","type-post","status-publish","format-standard","has-post-thumbnail","hentry","category-geral"],"views":1027,"_links":{"self":[{"href":"https:\/\/www.sudoestehoje.com.br\/novoportal\/wp-json\/wp\/v2\/posts\/98853","targetHints":{"allow":["GET"]}}],"collection":[{"href":"https:\/\/www.sudoestehoje.com.br\/novoportal\/wp-json\/wp\/v2\/posts"}],"about":[{"href":"https:\/\/www.sudoestehoje.com.br\/novoportal\/wp-json\/wp\/v2\/types\/post"}],"author":[{"embeddable":true,"href":"https:\/\/www.sudoestehoje.com.br\/novoportal\/wp-json\/wp\/v2\/users\/2"}],"replies":[{"embeddable":true,"href":"https:\/\/www.sudoestehoje.com.br\/novoportal\/wp-json\/wp\/v2\/comments?post=98853"}],"version-history":[{"count":3,"href":"https:\/\/www.sudoestehoje.com.br\/novoportal\/wp-json\/wp\/v2\/posts\/98853\/revisions"}],"predecessor-version":[{"id":98856,"href":"https:\/\/www.sudoestehoje.com.br\/novoportal\/wp-json\/wp\/v2\/posts\/98853\/revisions\/98856"}],"wp:featuredmedia":[{"embeddable":true,"href":"https:\/\/www.sudoestehoje.com.br\/novoportal\/wp-json\/wp\/v2\/media\/98854"}],"wp:attachment":[{"href":"https:\/\/www.sudoestehoje.com.br\/novoportal\/wp-json\/wp\/v2\/media?parent=98853"}],"wp:term":[{"taxonomy":"category","embeddable":true,"href":"https:\/\/www.sudoestehoje.com.br\/novoportal\/wp-json\/wp\/v2\/categories?post=98853"},{"taxonomy":"post_tag","embeddable":true,"href":"https:\/\/www.sudoestehoje.com.br\/novoportal\/wp-json\/wp\/v2\/tags?post=98853"}],"curies":[{"name":"wp","href":"https:\/\/api.w.org\/{rel}","templated":true}]}}