
{"id":98851,"date":"2021-12-11T19:06:44","date_gmt":"2021-12-11T22:06:44","guid":{"rendered":"https:\/\/www.sudoestehoje.com.br\/novoportal\/?p=98851"},"modified":"2021-12-11T19:06:44","modified_gmt":"2021-12-11T22:06:44","slug":"itapetinga-inauguracao-do-novo-parque-da-matinha-e-neste-domingo","status":"publish","type":"post","link":"https:\/\/www.sudoestehoje.com.br\/novoportal\/2021\/12\/11\/itapetinga-inauguracao-do-novo-parque-da-matinha-e-neste-domingo\/","title":{"rendered":"ITAPETINGA: INAUGURA\u00c7\u00c3O DO NOVO PARQUE DA MATINHA \u00c9 NESTE DOMINGO"},"content":{"rendered":"<p><a href=\"https:\/\/www.sudoestehoje.com.br\/novoportal\/wp-content\/uploads\/2021\/12\/WhatsApp-Image-2021-12-06-at-17.58.15.jpeg\"><img loading=\"lazy\" decoding=\"async\" class=\"aligncenter size-medium wp-image-98768\" src=\"https:\/\/www.sudoestehoje.com.br\/novoportal\/wp-content\/uploads\/2021\/12\/WhatsApp-Image-2021-12-06-at-17.58.15-500x476.jpeg\" alt=\"\" width=\"500\" height=\"476\" srcset=\"https:\/\/www.sudoestehoje.com.br\/novoportal\/wp-content\/uploads\/2021\/12\/WhatsApp-Image-2021-12-06-at-17.58.15-500x476.jpeg 500w, https:\/\/www.sudoestehoje.com.br\/novoportal\/wp-content\/uploads\/2021\/12\/WhatsApp-Image-2021-12-06-at-17.58.15-700x667.jpeg 700w, https:\/\/www.sudoestehoje.com.br\/novoportal\/wp-content\/uploads\/2021\/12\/WhatsApp-Image-2021-12-06-at-17.58.15-768x732.jpeg 768w, https:\/\/www.sudoestehoje.com.br\/novoportal\/wp-content\/uploads\/2021\/12\/WhatsApp-Image-2021-12-06-at-17.58.15.jpeg 1080w\" sizes=\"auto, (max-width: 500px) 100vw, 500px\" \/><\/a><\/p>\n<p>Depois de 8 anos fechado, per\u00edodo em que passou por profunda reforma e adapta\u00e7\u00f5es, o Parque da Matinha finalmente est\u00e1 pronto e autorizado pelos \u00f3rg\u00e3os ambientais para ser reaberto ao p\u00fablico.<\/p>\n<p>A data escolhida para reabertura foi o dia 12 de Dezembro (amanh\u00e3), dia em que ser\u00e1 comemorado o 69\u00ba anivers\u00e1rio de emancipa\u00e7\u00e3o pol\u00edtica do munic\u00edpio de Itapetinga.<\/p>\n<p>Feliz com a nova realiza\u00e7\u00e3o, o prefeito Rodrigo Hagge comentou \u00e0 reportagem do Sudoeste Hoje sobre a luta que teve que travar junto aos \u00f3rg\u00e3os ambientais do estado e da Uni\u00e3o, para conseguir destravar a burocracia e conseguir recursos para a reforma do parque:<\/p>\n<p>&#8220;Foi uma luta de muitos anos para alcan\u00e7ar o nosso objetivo de reabrir a Matinha, patrim\u00f4nio ecol\u00f3gico e cultural do nosso munic\u00edpio. Hoje, podemos comemorar, pois o nosso parque est\u00e1 prontinho para ser inaugurado, ap\u00f3s profunda reforma&#8221;, relatou Rodrigo.<\/p>\n<p>A abertura ao publico est\u00e1 prevista para as 9h deste domingo.<\/p>\n<p><em>Por Davi Ferraz<\/em><\/p>\n","protected":false},"excerpt":{"rendered":"<p>Depois de 8 anos fechado, per\u00edodo em que passou por profunda reforma e adapta\u00e7\u00f5es, o Parque da Matinha finalmente est\u00e1 pronto e autorizado pelos \u00f3rg\u00e3os ambientais para ser reaberto ao p\u00fablico. A data escolhida para reabertura foi o dia 12 de Dezembro (amanh\u00e3), dia em que ser\u00e1 comemorado o 69\u00ba anivers\u00e1rio de emancipa\u00e7\u00e3o pol\u00edtica do [&hellip;]<\/p>\n","protected":false},"author":2,"featured_media":98768,"comment_status":"open","ping_status":"open","sticky":false,"template":"","format":"standard","meta":{"footnotes":"","_links_to":"","_links_to_target":""},"categories":[1],"tags":[],"class_list":["post-98851","post","type-post","status-publish","format-standard","has-post-thumbnail","hentry","category-geral"],"views":1336,"_links":{"self":[{"href":"https:\/\/www.sudoestehoje.com.br\/novoportal\/wp-json\/wp\/v2\/posts\/98851","targetHints":{"allow":["GET"]}}],"collection":[{"href":"https:\/\/www.sudoestehoje.com.br\/novoportal\/wp-json\/wp\/v2\/posts"}],"about":[{"href":"https:\/\/www.sudoestehoje.com.br\/novoportal\/wp-json\/wp\/v2\/types\/post"}],"author":[{"embeddable":true,"href":"https:\/\/www.sudoestehoje.com.br\/novoportal\/wp-json\/wp\/v2\/users\/2"}],"replies":[{"embeddable":true,"href":"https:\/\/www.sudoestehoje.com.br\/novoportal\/wp-json\/wp\/v2\/comments?post=98851"}],"version-history":[{"count":1,"href":"https:\/\/www.sudoestehoje.com.br\/novoportal\/wp-json\/wp\/v2\/posts\/98851\/revisions"}],"predecessor-version":[{"id":98852,"href":"https:\/\/www.sudoestehoje.com.br\/novoportal\/wp-json\/wp\/v2\/posts\/98851\/revisions\/98852"}],"wp:featuredmedia":[{"embeddable":true,"href":"https:\/\/www.sudoestehoje.com.br\/novoportal\/wp-json\/wp\/v2\/media\/98768"}],"wp:attachment":[{"href":"https:\/\/www.sudoestehoje.com.br\/novoportal\/wp-json\/wp\/v2\/media?parent=98851"}],"wp:term":[{"taxonomy":"category","embeddable":true,"href":"https:\/\/www.sudoestehoje.com.br\/novoportal\/wp-json\/wp\/v2\/categories?post=98851"},{"taxonomy":"post_tag","embeddable":true,"href":"https:\/\/www.sudoestehoje.com.br\/novoportal\/wp-json\/wp\/v2\/tags?post=98851"}],"curies":[{"name":"wp","href":"https:\/\/api.w.org\/{rel}","templated":true}]}}