
{"id":98840,"date":"2021-12-10T00:15:42","date_gmt":"2021-12-10T03:15:42","guid":{"rendered":"https:\/\/www.sudoestehoje.com.br\/novoportal\/?p=98840"},"modified":"2021-12-10T00:15:42","modified_gmt":"2021-12-10T03:15:42","slug":"brasileirao-bahia-perde-para-o-fortaleza-e-acaba-rebaixado-para-a-segundona","status":"publish","type":"post","link":"https:\/\/www.sudoestehoje.com.br\/novoportal\/2021\/12\/10\/brasileirao-bahia-perde-para-o-fortaleza-e-acaba-rebaixado-para-a-segundona\/","title":{"rendered":"BRASILEIR\u00c3O: BAHIA PERDE PARA O FORTALEZA E ACABA REBAIXADO PARA A SEGUNDONA"},"content":{"rendered":"<p><a href=\"https:\/\/www.sudoestehoje.com.br\/novoportal\/wp-content\/uploads\/2021\/12\/daniel-galber-gazeta-press.jpg\"><img loading=\"lazy\" decoding=\"async\" class=\"aligncenter size-medium wp-image-98843\" src=\"https:\/\/www.sudoestehoje.com.br\/novoportal\/wp-content\/uploads\/2021\/12\/daniel-galber-gazeta-press-500x352.jpg\" alt=\"\" width=\"500\" height=\"352\" srcset=\"https:\/\/www.sudoestehoje.com.br\/novoportal\/wp-content\/uploads\/2021\/12\/daniel-galber-gazeta-press-500x352.jpg 500w, https:\/\/www.sudoestehoje.com.br\/novoportal\/wp-content\/uploads\/2021\/12\/daniel-galber-gazeta-press.jpg 648w\" sizes=\"auto, (max-width: 500px) 100vw, 500px\" \/><\/a><\/p>\n<p>O Bahia est\u00e1 rebaixado para a S\u00e9rie B do Brasileiro 2022. O time de Guto Ferreira chegou a sair na frente na Arena Castel\u00e3o, nesta quinta-feira (9), com gol de Rodriguinho de p\u00eanalti. Mas o Fortaleza virou, com gols de Wellington Paulista e de Pikachu, de p\u00eanalti. O Fortaleza termina a S\u00e9rie A na quarta posi\u00e7\u00e3o, com 58 pontos, classificado \u00e0 fase de grupos da Libertadores.<\/p>\n<p>O Gr\u00eamio precisava vencer o Atl\u00e9tico-MG e torcer para que Juventude e Bahia n\u00e3o pontuassem, mas o Verd\u00e3o da Serra derrotou o Corinthians e acabou com as chances gremistas de permanecer na divis\u00e3o de elite do futebol brasileiro. O Gr\u00eamio bateu o Galo por 4 a 3 na Arena.<\/p>\n<p>Ca\u00edram para a S\u00e9rie B, Gr\u00eamio, Bahia, Sport e Chapecoense.<\/p>\n","protected":false},"excerpt":{"rendered":"<p>O Bahia est\u00e1 rebaixado para a S\u00e9rie B do Brasileiro 2022. O time de Guto Ferreira chegou a sair na frente na Arena Castel\u00e3o, nesta quinta-feira (9), com gol de Rodriguinho de p\u00eanalti. Mas o Fortaleza virou, com gols de Wellington Paulista e de Pikachu, de p\u00eanalti. O Fortaleza termina a S\u00e9rie A na quarta [&hellip;]<\/p>\n","protected":false},"author":2,"featured_media":98843,"comment_status":"open","ping_status":"open","sticky":false,"template":"","format":"standard","meta":{"footnotes":"","_links_to":"","_links_to_target":""},"categories":[1],"tags":[],"class_list":["post-98840","post","type-post","status-publish","format-standard","has-post-thumbnail","hentry","category-geral"],"views":891,"_links":{"self":[{"href":"https:\/\/www.sudoestehoje.com.br\/novoportal\/wp-json\/wp\/v2\/posts\/98840","targetHints":{"allow":["GET"]}}],"collection":[{"href":"https:\/\/www.sudoestehoje.com.br\/novoportal\/wp-json\/wp\/v2\/posts"}],"about":[{"href":"https:\/\/www.sudoestehoje.com.br\/novoportal\/wp-json\/wp\/v2\/types\/post"}],"author":[{"embeddable":true,"href":"https:\/\/www.sudoestehoje.com.br\/novoportal\/wp-json\/wp\/v2\/users\/2"}],"replies":[{"embeddable":true,"href":"https:\/\/www.sudoestehoje.com.br\/novoportal\/wp-json\/wp\/v2\/comments?post=98840"}],"version-history":[{"count":3,"href":"https:\/\/www.sudoestehoje.com.br\/novoportal\/wp-json\/wp\/v2\/posts\/98840\/revisions"}],"predecessor-version":[{"id":98845,"href":"https:\/\/www.sudoestehoje.com.br\/novoportal\/wp-json\/wp\/v2\/posts\/98840\/revisions\/98845"}],"wp:featuredmedia":[{"embeddable":true,"href":"https:\/\/www.sudoestehoje.com.br\/novoportal\/wp-json\/wp\/v2\/media\/98843"}],"wp:attachment":[{"href":"https:\/\/www.sudoestehoje.com.br\/novoportal\/wp-json\/wp\/v2\/media?parent=98840"}],"wp:term":[{"taxonomy":"category","embeddable":true,"href":"https:\/\/www.sudoestehoje.com.br\/novoportal\/wp-json\/wp\/v2\/categories?post=98840"},{"taxonomy":"post_tag","embeddable":true,"href":"https:\/\/www.sudoestehoje.com.br\/novoportal\/wp-json\/wp\/v2\/tags?post=98840"}],"curies":[{"name":"wp","href":"https:\/\/api.w.org\/{rel}","templated":true}]}}