
{"id":98801,"date":"2021-12-08T20:47:21","date_gmt":"2021-12-08T23:47:21","guid":{"rendered":"https:\/\/www.sudoestehoje.com.br\/novoportal\/?p=98801"},"modified":"2021-12-08T21:11:54","modified_gmt":"2021-12-09T00:11:54","slug":"itapetinga-rua-calcada-no-recanto-da-colina-esta-interditada-ha-mais-de-40-anos","status":"publish","type":"post","link":"https:\/\/www.sudoestehoje.com.br\/novoportal\/2021\/12\/08\/itapetinga-rua-calcada-no-recanto-da-colina-esta-interditada-ha-mais-de-40-anos\/","title":{"rendered":"\u00daNICA RUA CAL\u00c7ADA NO RECANTO DA COLINA EST\u00c1 INTERDITADA H\u00c1 MAIS DE 40 ANOS"},"content":{"rendered":"<p><a href=\"https:\/\/www.sudoestehoje.com.br\/novoportal\/wp-content\/uploads\/2021\/12\/WhatsApp-Image-2021-12-08-at-20.41.43.jpeg\"><img loading=\"lazy\" decoding=\"async\" class=\"aligncenter size-medium wp-image-98805\" src=\"https:\/\/www.sudoestehoje.com.br\/novoportal\/wp-content\/uploads\/2021\/12\/WhatsApp-Image-2021-12-08-at-20.41.43-500x375.jpeg\" alt=\"\" width=\"500\" height=\"375\" srcset=\"https:\/\/www.sudoestehoje.com.br\/novoportal\/wp-content\/uploads\/2021\/12\/WhatsApp-Image-2021-12-08-at-20.41.43-500x375.jpeg 500w, https:\/\/www.sudoestehoje.com.br\/novoportal\/wp-content\/uploads\/2021\/12\/WhatsApp-Image-2021-12-08-at-20.41.43-700x525.jpeg 700w, https:\/\/www.sudoestehoje.com.br\/novoportal\/wp-content\/uploads\/2021\/12\/WhatsApp-Image-2021-12-08-at-20.41.43-768x576.jpeg 768w, https:\/\/www.sudoestehoje.com.br\/novoportal\/wp-content\/uploads\/2021\/12\/WhatsApp-Image-2021-12-08-at-20.41.43-1536x1152.jpeg 1536w, https:\/\/www.sudoestehoje.com.br\/novoportal\/wp-content\/uploads\/2021\/12\/WhatsApp-Image-2021-12-08-at-20.41.43.jpeg 1600w\" sizes=\"auto, (max-width: 500px) 100vw, 500px\" \/><\/a><\/p>\n<p>A \u00fanica rua cal\u00e7ada do <em>&#8216;ex bairro chique&#8217;<\/em> Recanto da Colina, em Itapetinga, nunca foi aberta para tr\u00e1fego e est\u00e1 interditada h\u00e1 mais de 40 anos, quando o loteamento foi implantado, na segunda metade dos anos 70.<\/p>\n<p>A rua <em>&#8216;fantasma&#8217;<\/em> tem cerca de <strong>o1 km<\/strong> de extens\u00e3o, saindo dos fundos da casa do ex-prefeito Jos\u00e9 Carlos Moura, at\u00e9 as proximidades do Assa\u00ed Atacadista, onde existe uma pequena pra\u00e7a, toda cal\u00e7ada e arborizada.<\/p>\n<p><a href=\"https:\/\/www.sudoestehoje.com.br\/novoportal\/wp-content\/uploads\/2021\/12\/WhatsApp-Image-2021-12-08-at-20.41.43-1.jpeg\"><img loading=\"lazy\" decoding=\"async\" class=\"aligncenter size-medium wp-image-98804\" src=\"https:\/\/www.sudoestehoje.com.br\/novoportal\/wp-content\/uploads\/2021\/12\/WhatsApp-Image-2021-12-08-at-20.41.43-1-500x375.jpeg\" alt=\"\" width=\"500\" height=\"375\" srcset=\"https:\/\/www.sudoestehoje.com.br\/novoportal\/wp-content\/uploads\/2021\/12\/WhatsApp-Image-2021-12-08-at-20.41.43-1-500x375.jpeg 500w, https:\/\/www.sudoestehoje.com.br\/novoportal\/wp-content\/uploads\/2021\/12\/WhatsApp-Image-2021-12-08-at-20.41.43-1-700x525.jpeg 700w, https:\/\/www.sudoestehoje.com.br\/novoportal\/wp-content\/uploads\/2021\/12\/WhatsApp-Image-2021-12-08-at-20.41.43-1-768x576.jpeg 768w, https:\/\/www.sudoestehoje.com.br\/novoportal\/wp-content\/uploads\/2021\/12\/WhatsApp-Image-2021-12-08-at-20.41.43-1-1536x1152.jpeg 1536w, https:\/\/www.sudoestehoje.com.br\/novoportal\/wp-content\/uploads\/2021\/12\/WhatsApp-Image-2021-12-08-at-20.41.43-1.jpeg 1600w\" sizes=\"auto, (max-width: 500px) 100vw, 500px\" \/><\/a><\/p>\n<p>Sem tr\u00e1fego de ve\u00edculos por longos anos e falta de manuten\u00e7\u00e3o, o mato tomou conta de toda a extens\u00e3o da rua, mas mesmo assim o cal\u00e7amento est\u00e1 perfeito.<\/p>\n<p>Neste per\u00edodo de chuvas intensas que bloqueou todas ruas do bairro, uma via pavimentada n\u00e3o deveria continuar interditada, e a sua libera\u00e7\u00e3o, com algumas adapta\u00e7\u00f5es, poderia servir como mais uma op\u00e7\u00e3o de acesso a &#8220;bairro dos esquecidos&#8221;, como \u00e9 conhecido o Recanto da Colina.<\/p>\n<p><a href=\"https:\/\/www.sudoestehoje.com.br\/novoportal\/wp-content\/uploads\/2021\/12\/WhatsApp-Image-2021-12-08-at-20.41.43-2.jpeg\"><img loading=\"lazy\" decoding=\"async\" class=\"aligncenter size-medium wp-image-98803\" src=\"https:\/\/www.sudoestehoje.com.br\/novoportal\/wp-content\/uploads\/2021\/12\/WhatsApp-Image-2021-12-08-at-20.41.43-2-500x375.jpeg\" alt=\"\" width=\"500\" height=\"375\" srcset=\"https:\/\/www.sudoestehoje.com.br\/novoportal\/wp-content\/uploads\/2021\/12\/WhatsApp-Image-2021-12-08-at-20.41.43-2-500x375.jpeg 500w, https:\/\/www.sudoestehoje.com.br\/novoportal\/wp-content\/uploads\/2021\/12\/WhatsApp-Image-2021-12-08-at-20.41.43-2-700x525.jpeg 700w, https:\/\/www.sudoestehoje.com.br\/novoportal\/wp-content\/uploads\/2021\/12\/WhatsApp-Image-2021-12-08-at-20.41.43-2-768x576.jpeg 768w, https:\/\/www.sudoestehoje.com.br\/novoportal\/wp-content\/uploads\/2021\/12\/WhatsApp-Image-2021-12-08-at-20.41.43-2-1536x1152.jpeg 1536w, https:\/\/www.sudoestehoje.com.br\/novoportal\/wp-content\/uploads\/2021\/12\/WhatsApp-Image-2021-12-08-at-20.41.43-2.jpeg 1600w\" sizes=\"auto, (max-width: 500px) 100vw, 500px\" \/><\/a><\/p>\n<p>N\u00e3o h\u00e1 raz\u00e3o para que uma rua toda pavimentada possa continuar sem utilidade, por tanto tempo&#8230;<\/p>\n<p><strong><em>Por Davi Ferraz\u00a0<\/em><\/strong><\/p>\n","protected":false},"excerpt":{"rendered":"<p>A \u00fanica rua cal\u00e7ada do &#8216;ex bairro chique&#8217; Recanto da Colina, em Itapetinga, nunca foi aberta para tr\u00e1fego e est\u00e1 interditada h\u00e1 mais de 40 anos, quando o loteamento foi implantado, na segunda metade dos anos 70. A rua &#8216;fantasma&#8217; tem cerca de o1 km de extens\u00e3o, saindo dos fundos da casa do ex-prefeito Jos\u00e9 [&hellip;]<\/p>\n","protected":false},"author":2,"featured_media":98805,"comment_status":"open","ping_status":"open","sticky":false,"template":"","format":"standard","meta":{"footnotes":"","_links_to":"","_links_to_target":""},"categories":[1],"tags":[],"class_list":["post-98801","post","type-post","status-publish","format-standard","has-post-thumbnail","hentry","category-geral"],"views":1178,"_links":{"self":[{"href":"https:\/\/www.sudoestehoje.com.br\/novoportal\/wp-json\/wp\/v2\/posts\/98801","targetHints":{"allow":["GET"]}}],"collection":[{"href":"https:\/\/www.sudoestehoje.com.br\/novoportal\/wp-json\/wp\/v2\/posts"}],"about":[{"href":"https:\/\/www.sudoestehoje.com.br\/novoportal\/wp-json\/wp\/v2\/types\/post"}],"author":[{"embeddable":true,"href":"https:\/\/www.sudoestehoje.com.br\/novoportal\/wp-json\/wp\/v2\/users\/2"}],"replies":[{"embeddable":true,"href":"https:\/\/www.sudoestehoje.com.br\/novoportal\/wp-json\/wp\/v2\/comments?post=98801"}],"version-history":[{"count":4,"href":"https:\/\/www.sudoestehoje.com.br\/novoportal\/wp-json\/wp\/v2\/posts\/98801\/revisions"}],"predecessor-version":[{"id":98808,"href":"https:\/\/www.sudoestehoje.com.br\/novoportal\/wp-json\/wp\/v2\/posts\/98801\/revisions\/98808"}],"wp:featuredmedia":[{"embeddable":true,"href":"https:\/\/www.sudoestehoje.com.br\/novoportal\/wp-json\/wp\/v2\/media\/98805"}],"wp:attachment":[{"href":"https:\/\/www.sudoestehoje.com.br\/novoportal\/wp-json\/wp\/v2\/media?parent=98801"}],"wp:term":[{"taxonomy":"category","embeddable":true,"href":"https:\/\/www.sudoestehoje.com.br\/novoportal\/wp-json\/wp\/v2\/categories?post=98801"},{"taxonomy":"post_tag","embeddable":true,"href":"https:\/\/www.sudoestehoje.com.br\/novoportal\/wp-json\/wp\/v2\/tags?post=98801"}],"curies":[{"name":"wp","href":"https:\/\/api.w.org\/{rel}","templated":true}]}}