
{"id":98797,"date":"2021-12-08T20:12:56","date_gmt":"2021-12-08T23:12:56","guid":{"rendered":"https:\/\/www.sudoestehoje.com.br\/novoportal\/?p=98797"},"modified":"2021-12-08T20:12:56","modified_gmt":"2021-12-08T23:12:56","slug":"em-nova-pesquisa-acm-neto-tem-mais-que-o-dobro-de-wagner-e-venceria-no-1o-turno","status":"publish","type":"post","link":"https:\/\/www.sudoestehoje.com.br\/novoportal\/2021\/12\/08\/em-nova-pesquisa-acm-neto-tem-mais-que-o-dobro-de-wagner-e-venceria-no-1o-turno\/","title":{"rendered":"EM NOVA PESQUISA, ACM NETO TEM MAIS QUE O DOBRO DE WAGNER E VENCERIA NO 1\u00ba TURNO"},"content":{"rendered":"<p><a href=\"https:\/\/www.sudoestehoje.com.br\/novoportal\/wp-content\/uploads\/2021\/12\/acmneto-1-1000x530-1.jpg\"><img loading=\"lazy\" decoding=\"async\" class=\"aligncenter size-medium wp-image-98799\" src=\"https:\/\/www.sudoestehoje.com.br\/novoportal\/wp-content\/uploads\/2021\/12\/acmneto-1-1000x530-1-500x265.jpg\" alt=\"\" width=\"500\" height=\"265\" srcset=\"https:\/\/www.sudoestehoje.com.br\/novoportal\/wp-content\/uploads\/2021\/12\/acmneto-1-1000x530-1-500x265.jpg 500w, https:\/\/www.sudoestehoje.com.br\/novoportal\/wp-content\/uploads\/2021\/12\/acmneto-1-1000x530-1-700x371.jpg 700w, https:\/\/www.sudoestehoje.com.br\/novoportal\/wp-content\/uploads\/2021\/12\/acmneto-1-1000x530-1-768x407.jpg 768w, https:\/\/www.sudoestehoje.com.br\/novoportal\/wp-content\/uploads\/2021\/12\/acmneto-1-1000x530-1.jpg 1000w\" sizes=\"auto, (max-width: 500px) 100vw, 500px\" \/><\/a><\/p>\n<p>Uma nova pesquisa divulgada nesta quarta-feira (8) indica, mais uma vez, lideran\u00e7a de ACM Neto (DEM\/Uni\u00e3o Brasil) na inten\u00e7\u00f5es de voto para a disputa pelo Governo da Bahia.<\/p>\n<p>O levantamento foi feito pelo instituto S\u00e9culos em parceria com o site\u00a0<em>Bahia Not\u00edcias<\/em>. Segundo a pesquisa, ACM Neto tem mais que o dobro dos percentuais de Jaques Wagner (PT). Com esse desempenho, Neto venceria no primeiro turno, se as elei\u00e7\u00f5es fossem hoje.<\/p>\n<p>Em um primeiro cen\u00e1rio, com o nome de todos os poss\u00edveis pr\u00e9-candidatos na disputa, ACM Neto aparece com 49,16% das inten\u00e7\u00f5es de voto, contra 22,27% de Wagner. Em seguida, est\u00e3o Jo\u00e3o Roma (Republicanos),\u00a0 com 3,57%; (PP), com 2,86%; o senador Otto Alencar (PSD), com 2,52%; Dra. Ra\u00edssa Soares (sem partido), com 1,26%; e Bernadete Souza (PSOL), com 0,84%.<\/p>\n<p>Outros 12,48% disseram que n\u00e3o votariam em nenhum dos candidatos, enquanto 5,04% n\u00e3o sabem ou n\u00e3o opinaram.<\/p>\n<p>No segundo cen\u00e1rio analisado, com um n\u00famero reduzido de pr\u00e9-candidatos, ACM Neto chega a 53,7% das inten\u00e7\u00f5es de voto, contra 24,87% de Jaques Wagner, 4,66% de Jo\u00e3o Roma e 0,88% de Bernardete Souza. Outros 10,71% disseram que n\u00e3o votariam em nenhum dos candidatos, enquanto 5,17% n\u00e3o souberam responder ou n\u00e3o opinaram.<\/p>\n<p>Em um terceiro cen\u00e1rio, em que o nome de Jo\u00e3o Roma \u00e9 substitu\u00eddo pelo de Ra\u00edssa Soares, Neto mant\u00e9m 53,7% das inten\u00e7\u00f5es de voto, assim como Wagner estaciona em 24,87%. Ra\u00edssa fica em 2,86% e Bernardete Soares mant\u00e9m a mesma pontua\u00e7\u00e3o de 0,88%. Responderam \u201cnenhum\u201d, 12,44% dos entrevistados, enquanto 5,25% n\u00e3o sabem ou n\u00e3o opinaram.<\/p>\n<p>Foram entrevistadas 2.380 pessoas com 16 anos ou mais, em 87 munic\u00edpios baianos, entre os dias 27 de novembro de 2021 e 1\u00ba de dezembro de 2021. A margem de erro da amostragem \u00e9 de 3%, para mais ou para menos, com intervalo de confian\u00e7a registrado em 95%.<\/p>\n","protected":false},"excerpt":{"rendered":"<p>Uma nova pesquisa divulgada nesta quarta-feira (8) indica, mais uma vez, lideran\u00e7a de ACM Neto (DEM\/Uni\u00e3o Brasil) na inten\u00e7\u00f5es de voto para a disputa pelo Governo da Bahia. O levantamento foi feito pelo instituto S\u00e9culos em parceria com o site\u00a0Bahia Not\u00edcias. Segundo a pesquisa, ACM Neto tem mais que o dobro dos percentuais de Jaques [&hellip;]<\/p>\n","protected":false},"author":2,"featured_media":98799,"comment_status":"open","ping_status":"open","sticky":false,"template":"","format":"standard","meta":{"footnotes":"","_links_to":"","_links_to_target":""},"categories":[1],"tags":[],"class_list":["post-98797","post","type-post","status-publish","format-standard","has-post-thumbnail","hentry","category-geral"],"views":837,"_links":{"self":[{"href":"https:\/\/www.sudoestehoje.com.br\/novoportal\/wp-json\/wp\/v2\/posts\/98797","targetHints":{"allow":["GET"]}}],"collection":[{"href":"https:\/\/www.sudoestehoje.com.br\/novoportal\/wp-json\/wp\/v2\/posts"}],"about":[{"href":"https:\/\/www.sudoestehoje.com.br\/novoportal\/wp-json\/wp\/v2\/types\/post"}],"author":[{"embeddable":true,"href":"https:\/\/www.sudoestehoje.com.br\/novoportal\/wp-json\/wp\/v2\/users\/2"}],"replies":[{"embeddable":true,"href":"https:\/\/www.sudoestehoje.com.br\/novoportal\/wp-json\/wp\/v2\/comments?post=98797"}],"version-history":[{"count":2,"href":"https:\/\/www.sudoestehoje.com.br\/novoportal\/wp-json\/wp\/v2\/posts\/98797\/revisions"}],"predecessor-version":[{"id":98800,"href":"https:\/\/www.sudoestehoje.com.br\/novoportal\/wp-json\/wp\/v2\/posts\/98797\/revisions\/98800"}],"wp:featuredmedia":[{"embeddable":true,"href":"https:\/\/www.sudoestehoje.com.br\/novoportal\/wp-json\/wp\/v2\/media\/98799"}],"wp:attachment":[{"href":"https:\/\/www.sudoestehoje.com.br\/novoportal\/wp-json\/wp\/v2\/media?parent=98797"}],"wp:term":[{"taxonomy":"category","embeddable":true,"href":"https:\/\/www.sudoestehoje.com.br\/novoportal\/wp-json\/wp\/v2\/categories?post=98797"},{"taxonomy":"post_tag","embeddable":true,"href":"https:\/\/www.sudoestehoje.com.br\/novoportal\/wp-json\/wp\/v2\/tags?post=98797"}],"curies":[{"name":"wp","href":"https:\/\/api.w.org\/{rel}","templated":true}]}}