
{"id":98782,"date":"2021-12-07T09:36:15","date_gmt":"2021-12-07T12:36:15","guid":{"rendered":"https:\/\/www.sudoestehoje.com.br\/novoportal\/?p=98782"},"modified":"2021-12-07T09:36:15","modified_gmt":"2021-12-07T12:36:15","slug":"caatiba-produtores-da-comunidade-de-serra-pelada-ii-recebem-capacitacao-atraves-do-projeto-senar-faeb","status":"publish","type":"post","link":"https:\/\/www.sudoestehoje.com.br\/novoportal\/2021\/12\/07\/caatiba-produtores-da-comunidade-de-serra-pelada-ii-recebem-capacitacao-atraves-do-projeto-senar-faeb\/","title":{"rendered":"CAATIBA: PRODUTORES DA COMUNIDADE DE SERRA PELADA II RECEBEM CAPACITA\u00c7\u00c3O ATRAV\u00c9S DO PROJETO SENAR- FAEB"},"content":{"rendered":"<p><a href=\"https:\/\/www.sudoestehoje.com.br\/novoportal\/wp-content\/uploads\/2021\/12\/faeb-12.jpg\"><img loading=\"lazy\" decoding=\"async\" class=\"aligncenter size-medium wp-image-98783\" src=\"https:\/\/www.sudoestehoje.com.br\/novoportal\/wp-content\/uploads\/2021\/12\/faeb-12-500x333.jpg\" alt=\"\" width=\"500\" height=\"333\" srcset=\"https:\/\/www.sudoestehoje.com.br\/novoportal\/wp-content\/uploads\/2021\/12\/faeb-12-500x333.jpg 500w, https:\/\/www.sudoestehoje.com.br\/novoportal\/wp-content\/uploads\/2021\/12\/faeb-12-700x467.jpg 700w, https:\/\/www.sudoestehoje.com.br\/novoportal\/wp-content\/uploads\/2021\/12\/faeb-12-768x512.jpg 768w, https:\/\/www.sudoestehoje.com.br\/novoportal\/wp-content\/uploads\/2021\/12\/faeb-12-1536x1024.jpg 1536w, https:\/\/www.sudoestehoje.com.br\/novoportal\/wp-content\/uploads\/2021\/12\/faeb-12.jpg 1860w\" sizes=\"auto, (max-width: 500px) 100vw, 500px\" \/><\/a><\/p>\n<p>Atrav\u00e9s do SENAR, conveniados pela FAEB, apoiados pela Prefeitura Municipal de Caatiba e pelo Sindicato Rural de Itapetinga, agricultores da regi\u00e3o Rural de Serra Pelada II receberam o projeto: UM DIA DE CAMPO.<\/p>\n<p><a href=\"https:\/\/www.sudoestehoje.com.br\/novoportal\/wp-content\/uploads\/2021\/12\/faeb-10.jpg\"><img loading=\"lazy\" decoding=\"async\" class=\"aligncenter size-medium wp-image-98785\" src=\"https:\/\/www.sudoestehoje.com.br\/novoportal\/wp-content\/uploads\/2021\/12\/faeb-10-500x333.jpg\" alt=\"\" width=\"500\" height=\"333\" srcset=\"https:\/\/www.sudoestehoje.com.br\/novoportal\/wp-content\/uploads\/2021\/12\/faeb-10-500x333.jpg 500w, https:\/\/www.sudoestehoje.com.br\/novoportal\/wp-content\/uploads\/2021\/12\/faeb-10-700x467.jpg 700w, https:\/\/www.sudoestehoje.com.br\/novoportal\/wp-content\/uploads\/2021\/12\/faeb-10-768x512.jpg 768w, https:\/\/www.sudoestehoje.com.br\/novoportal\/wp-content\/uploads\/2021\/12\/faeb-10-1536x1024.jpg 1536w, https:\/\/www.sudoestehoje.com.br\/novoportal\/wp-content\/uploads\/2021\/12\/faeb-10.jpg 1860w\" sizes=\"auto, (max-width: 500px) 100vw, 500px\" \/><\/a><\/p>\n<p>O evento ocorreu durante toda manh\u00e3 e parte da tarde desta \u00faltima ter\u00e7a-feira (30), reunindo produtores rurais de Serra Pelada e de outras \u00e1reas rurais do munic\u00edpio de Caatiba. O dia foi dinamizado com palestras e momentos de capacita\u00e7\u00e3o, promovendo a forma\u00e7\u00e3o e aperfei\u00e7oamento profissional do produto e do trabalho rural, vinculado \u00e0 assist\u00eancia t\u00e9cnica para o homem do campo, mas, sobretudo, visando o fortalecimento da cadeia produtiva promovendo dessa forma o desenvolvimento econ\u00f4mico da fam\u00edlia no campo.<\/p>\n<p><a href=\"https:\/\/www.sudoestehoje.com.br\/novoportal\/wp-content\/uploads\/2021\/12\/faeb-2.jpg\"><img loading=\"lazy\" decoding=\"async\" class=\"aligncenter size-medium wp-image-98793\" src=\"https:\/\/www.sudoestehoje.com.br\/novoportal\/wp-content\/uploads\/2021\/12\/faeb-2-500x333.jpg\" alt=\"\" width=\"500\" height=\"333\" srcset=\"https:\/\/www.sudoestehoje.com.br\/novoportal\/wp-content\/uploads\/2021\/12\/faeb-2-500x333.jpg 500w, https:\/\/www.sudoestehoje.com.br\/novoportal\/wp-content\/uploads\/2021\/12\/faeb-2-700x467.jpg 700w, https:\/\/www.sudoestehoje.com.br\/novoportal\/wp-content\/uploads\/2021\/12\/faeb-2-768x512.jpg 768w, https:\/\/www.sudoestehoje.com.br\/novoportal\/wp-content\/uploads\/2021\/12\/faeb-2-1536x1024.jpg 1536w, https:\/\/www.sudoestehoje.com.br\/novoportal\/wp-content\/uploads\/2021\/12\/faeb-2.jpg 1860w\" sizes=\"auto, (max-width: 500px) 100vw, 500px\" \/><\/a><\/p>\n<p>Al\u00e9m do p\u00fablico alvo, o valioso evento contou com a presen\u00e7a da Prefeita do munic\u00edpio T\u00e2nia Ribeiro, M\u00e1rcia Viana mobilizadora do Sindicato Rural, Leonardo Paulino Coordenador de Programa do SENAR, Dilermando Campos Presidente do Sindicato Rural de Itapetinga e do legislativo do munic\u00edpio de Caatiba. \/\/ASCOM- <a href=\"https:\/\/www.facebook.com\/elenylson.zeeba.5?__cft__%5b0%5d=AZVwWQqGBRSRJ3SuRlXSvMBT8VQ37lJsK3YfdQmHP9b7vDP7mqaemcwPUgt7rGa1zmpjIEuAwldZW_cHer5GZIT_h2ZkhauO0OeqiZq_3L4NElF3ja9v-gZXvmqONliIw5A&amp;__tn__=-%5dK-R\">Caatiba Bahia<\/a><\/p>\n\n\t\t<style type=\"text\/css\">\n\t\t\t#gallery-1 {\n\t\t\t\tmargin: auto;\n\t\t\t}\n\t\t\t#gallery-1 .gallery-item {\n\t\t\t\tfloat: left;\n\t\t\t\tmargin-top: 10px;\n\t\t\t\ttext-align: center;\n\t\t\t\twidth: 33%;\n\t\t\t}\n\t\t\t#gallery-1 img {\n\t\t\t\tborder: 2px solid #cfcfcf;\n\t\t\t}\n\t\t\t#gallery-1 .gallery-caption {\n\t\t\t\tmargin-left: 0;\n\t\t\t}\n\t\t\t\/* see gallery_shortcode() in wp-includes\/media.php *\/\n\t\t<\/style>\n\t\t<div id='gallery-1' class='gallery galleryid-98782 gallery-columns-3 gallery-size-thumbnail'><dl class='gallery-item'>\n\t\t\t<dt class='gallery-icon landscape'>\n\t\t\t\t<a href='https:\/\/www.sudoestehoje.com.br\/novoportal\/2021\/12\/07\/caatiba-produtores-da-comunidade-de-serra-pelada-ii-recebem-capacitacao-atraves-do-projeto-senar-faeb\/faeb-1\/'><img loading=\"lazy\" decoding=\"async\" width=\"150\" height=\"150\" src=\"https:\/\/www.sudoestehoje.com.br\/novoportal\/wp-content\/uploads\/2021\/12\/faeb-1-150x150.jpg\" class=\"attachment-thumbnail size-thumbnail\" alt=\"\" \/><\/a>\n\t\t\t<\/dt><\/dl><dl class='gallery-item'>\n\t\t\t<dt class='gallery-icon landscape'>\n\t\t\t\t<a href='https:\/\/www.sudoestehoje.com.br\/novoportal\/2021\/12\/07\/caatiba-produtores-da-comunidade-de-serra-pelada-ii-recebem-capacitacao-atraves-do-projeto-senar-faeb\/faeb-3\/'><img loading=\"lazy\" decoding=\"async\" width=\"150\" height=\"150\" src=\"https:\/\/www.sudoestehoje.com.br\/novoportal\/wp-content\/uploads\/2021\/12\/faeb-3-150x150.jpg\" class=\"attachment-thumbnail size-thumbnail\" alt=\"\" \/><\/a>\n\t\t\t<\/dt><\/dl><dl class='gallery-item'>\n\t\t\t<dt class='gallery-icon landscape'>\n\t\t\t\t<a href='https:\/\/www.sudoestehoje.com.br\/novoportal\/2021\/12\/07\/caatiba-produtores-da-comunidade-de-serra-pelada-ii-recebem-capacitacao-atraves-do-projeto-senar-faeb\/faeb-4\/'><img loading=\"lazy\" decoding=\"async\" width=\"150\" height=\"150\" src=\"https:\/\/www.sudoestehoje.com.br\/novoportal\/wp-content\/uploads\/2021\/12\/faeb-4-150x150.jpg\" class=\"attachment-thumbnail size-thumbnail\" alt=\"\" \/><\/a>\n\t\t\t<\/dt><\/dl><br style=\"clear: both\" \/><dl class='gallery-item'>\n\t\t\t<dt class='gallery-icon landscape'>\n\t\t\t\t<a href='https:\/\/www.sudoestehoje.com.br\/novoportal\/2021\/12\/07\/caatiba-produtores-da-comunidade-de-serra-pelada-ii-recebem-capacitacao-atraves-do-projeto-senar-faeb\/faeb-5\/'><img loading=\"lazy\" decoding=\"async\" width=\"150\" height=\"150\" src=\"https:\/\/www.sudoestehoje.com.br\/novoportal\/wp-content\/uploads\/2021\/12\/faeb-5-150x150.jpg\" class=\"attachment-thumbnail size-thumbnail\" alt=\"\" \/><\/a>\n\t\t\t<\/dt><\/dl><dl class='gallery-item'>\n\t\t\t<dt class='gallery-icon landscape'>\n\t\t\t\t<a href='https:\/\/www.sudoestehoje.com.br\/novoportal\/2021\/12\/07\/caatiba-produtores-da-comunidade-de-serra-pelada-ii-recebem-capacitacao-atraves-do-projeto-senar-faeb\/faeb-6\/'><img loading=\"lazy\" decoding=\"async\" width=\"150\" height=\"150\" src=\"https:\/\/www.sudoestehoje.com.br\/novoportal\/wp-content\/uploads\/2021\/12\/faeb-6-150x150.jpg\" class=\"attachment-thumbnail size-thumbnail\" alt=\"\" \/><\/a>\n\t\t\t<\/dt><\/dl><dl class='gallery-item'>\n\t\t\t<dt class='gallery-icon landscape'>\n\t\t\t\t<a href='https:\/\/www.sudoestehoje.com.br\/novoportal\/2021\/12\/07\/caatiba-produtores-da-comunidade-de-serra-pelada-ii-recebem-capacitacao-atraves-do-projeto-senar-faeb\/faeb-7\/'><img loading=\"lazy\" decoding=\"async\" width=\"150\" height=\"150\" src=\"https:\/\/www.sudoestehoje.com.br\/novoportal\/wp-content\/uploads\/2021\/12\/faeb-7-150x150.jpg\" class=\"attachment-thumbnail size-thumbnail\" alt=\"\" \/><\/a>\n\t\t\t<\/dt><\/dl><br style=\"clear: both\" \/><dl class='gallery-item'>\n\t\t\t<dt class='gallery-icon landscape'>\n\t\t\t\t<a href='https:\/\/www.sudoestehoje.com.br\/novoportal\/2021\/12\/07\/caatiba-produtores-da-comunidade-de-serra-pelada-ii-recebem-capacitacao-atraves-do-projeto-senar-faeb\/faeb-8\/'><img loading=\"lazy\" decoding=\"async\" width=\"150\" height=\"150\" src=\"https:\/\/www.sudoestehoje.com.br\/novoportal\/wp-content\/uploads\/2021\/12\/faeb-8-150x150.jpg\" class=\"attachment-thumbnail size-thumbnail\" alt=\"\" \/><\/a>\n\t\t\t<\/dt><\/dl><dl class='gallery-item'>\n\t\t\t<dt class='gallery-icon landscape'>\n\t\t\t\t<a href='https:\/\/www.sudoestehoje.com.br\/novoportal\/2021\/12\/07\/caatiba-produtores-da-comunidade-de-serra-pelada-ii-recebem-capacitacao-atraves-do-projeto-senar-faeb\/faeb-9\/'><img loading=\"lazy\" decoding=\"async\" width=\"150\" height=\"150\" src=\"https:\/\/www.sudoestehoje.com.br\/novoportal\/wp-content\/uploads\/2021\/12\/faeb-9-150x150.jpg\" class=\"attachment-thumbnail size-thumbnail\" alt=\"\" \/><\/a>\n\t\t\t<\/dt><\/dl><dl class='gallery-item'>\n\t\t\t<dt class='gallery-icon landscape'>\n\t\t\t\t<a href='https:\/\/www.sudoestehoje.com.br\/novoportal\/2021\/12\/07\/caatiba-produtores-da-comunidade-de-serra-pelada-ii-recebem-capacitacao-atraves-do-projeto-senar-faeb\/faeb-11\/'><img loading=\"lazy\" decoding=\"async\" width=\"150\" height=\"150\" src=\"https:\/\/www.sudoestehoje.com.br\/novoportal\/wp-content\/uploads\/2021\/12\/faeb-11-150x150.jpg\" class=\"attachment-thumbnail size-thumbnail\" alt=\"\" \/><\/a>\n\t\t\t<\/dt><\/dl><br style=\"clear: both\" \/>\n\t\t<\/div>\n\n","protected":false},"excerpt":{"rendered":"<p>Atrav\u00e9s do SENAR, conveniados pela FAEB, apoiados pela Prefeitura Municipal de Caatiba e pelo Sindicato Rural de Itapetinga, agricultores da regi\u00e3o Rural de Serra Pelada II receberam o projeto: UM DIA DE CAMPO. O evento ocorreu durante toda manh\u00e3 e parte da tarde desta \u00faltima ter\u00e7a-feira (30), reunindo produtores rurais de Serra Pelada e de [&hellip;]<\/p>\n","protected":false},"author":2,"featured_media":98783,"comment_status":"open","ping_status":"open","sticky":false,"template":"","format":"standard","meta":{"footnotes":"","_links_to":"","_links_to_target":""},"categories":[1],"tags":[],"class_list":["post-98782","post","type-post","status-publish","format-standard","has-post-thumbnail","hentry","category-geral"],"views":1125,"_links":{"self":[{"href":"https:\/\/www.sudoestehoje.com.br\/novoportal\/wp-json\/wp\/v2\/posts\/98782","targetHints":{"allow":["GET"]}}],"collection":[{"href":"https:\/\/www.sudoestehoje.com.br\/novoportal\/wp-json\/wp\/v2\/posts"}],"about":[{"href":"https:\/\/www.sudoestehoje.com.br\/novoportal\/wp-json\/wp\/v2\/types\/post"}],"author":[{"embeddable":true,"href":"https:\/\/www.sudoestehoje.com.br\/novoportal\/wp-json\/wp\/v2\/users\/2"}],"replies":[{"embeddable":true,"href":"https:\/\/www.sudoestehoje.com.br\/novoportal\/wp-json\/wp\/v2\/comments?post=98782"}],"version-history":[{"count":2,"href":"https:\/\/www.sudoestehoje.com.br\/novoportal\/wp-json\/wp\/v2\/posts\/98782\/revisions"}],"predecessor-version":[{"id":98796,"href":"https:\/\/www.sudoestehoje.com.br\/novoportal\/wp-json\/wp\/v2\/posts\/98782\/revisions\/98796"}],"wp:featuredmedia":[{"embeddable":true,"href":"https:\/\/www.sudoestehoje.com.br\/novoportal\/wp-json\/wp\/v2\/media\/98783"}],"wp:attachment":[{"href":"https:\/\/www.sudoestehoje.com.br\/novoportal\/wp-json\/wp\/v2\/media?parent=98782"}],"wp:term":[{"taxonomy":"category","embeddable":true,"href":"https:\/\/www.sudoestehoje.com.br\/novoportal\/wp-json\/wp\/v2\/categories?post=98782"},{"taxonomy":"post_tag","embeddable":true,"href":"https:\/\/www.sudoestehoje.com.br\/novoportal\/wp-json\/wp\/v2\/tags?post=98782"}],"curies":[{"name":"wp","href":"https:\/\/api.w.org\/{rel}","templated":true}]}}