
{"id":98771,"date":"2021-12-06T18:31:23","date_gmt":"2021-12-06T21:31:23","guid":{"rendered":"https:\/\/www.sudoestehoje.com.br\/novoportal\/?p=98771"},"modified":"2021-12-06T18:55:14","modified_gmt":"2021-12-06T21:55:14","slug":"itapetinga-acm-neto-confirma-presenca-na-inauguracao-do-parque-da-matinha","status":"publish","type":"post","link":"https:\/\/www.sudoestehoje.com.br\/novoportal\/2021\/12\/06\/itapetinga-acm-neto-confirma-presenca-na-inauguracao-do-parque-da-matinha\/","title":{"rendered":"ITAPETINGA: ACM NETO CONFIRMA PRESEN\u00c7A NA INAUGURA\u00c7\u00c3O DO PARQUE DA MATINHA"},"content":{"rendered":"<p><a href=\"https:\/\/www.sudoestehoje.com.br\/novoportal\/wp-content\/uploads\/2021\/12\/rodrigo-e-neto.jpg\"><img loading=\"lazy\" decoding=\"async\" class=\"aligncenter size-full wp-image-98772\" src=\"https:\/\/www.sudoestehoje.com.br\/novoportal\/wp-content\/uploads\/2021\/12\/rodrigo-e-neto.jpg\" alt=\"\" width=\"500\" height=\"320\" \/><\/a><\/p>\n<p>O ex-prefeito de Salvador e pr\u00e9-candidato ao governo da Bahia, ACM Neto, acaba de confirmar a sua presen\u00e7a em Itapetinga no pr\u00f3ximo domingo, 12 de Dezembro, para participar da inaugura\u00e7\u00e3o do Novo Parque da Matinha.<\/p>\n<p>A informa\u00e7\u00e3o foi dada ao <strong><em>Sudoeste Hoje<\/em><\/strong> pelo prefeito Rodrigo Hagge, que fez o convite ao ex-gestor da capital e obteve a confirma\u00e7\u00e3o da sua presen\u00e7a em Itapetinga, nesta segunda.<\/p>\n<p>Com a presen\u00e7a de ACM Neto no evento, a festa do 69\u00ba Anivers\u00e1rio de Itapetinga promete ser movimentada.<\/p>\n<p><strong><em>Por Davi Ferraz\u00a0\u00a0<\/em><\/strong><\/p>\n","protected":false},"excerpt":{"rendered":"<p>O ex-prefeito de Salvador e pr\u00e9-candidato ao governo da Bahia, ACM Neto, acaba de confirmar a sua presen\u00e7a em Itapetinga no pr\u00f3ximo domingo, 12 de Dezembro, para participar da inaugura\u00e7\u00e3o do Novo Parque da Matinha. A informa\u00e7\u00e3o foi dada ao Sudoeste Hoje pelo prefeito Rodrigo Hagge, que fez o convite ao ex-gestor da capital e [&hellip;]<\/p>\n","protected":false},"author":2,"featured_media":98772,"comment_status":"open","ping_status":"open","sticky":false,"template":"","format":"standard","meta":{"footnotes":"","_links_to":"","_links_to_target":""},"categories":[1],"tags":[],"class_list":["post-98771","post","type-post","status-publish","format-standard","has-post-thumbnail","hentry","category-geral"],"views":1166,"_links":{"self":[{"href":"https:\/\/www.sudoestehoje.com.br\/novoportal\/wp-json\/wp\/v2\/posts\/98771","targetHints":{"allow":["GET"]}}],"collection":[{"href":"https:\/\/www.sudoestehoje.com.br\/novoportal\/wp-json\/wp\/v2\/posts"}],"about":[{"href":"https:\/\/www.sudoestehoje.com.br\/novoportal\/wp-json\/wp\/v2\/types\/post"}],"author":[{"embeddable":true,"href":"https:\/\/www.sudoestehoje.com.br\/novoportal\/wp-json\/wp\/v2\/users\/2"}],"replies":[{"embeddable":true,"href":"https:\/\/www.sudoestehoje.com.br\/novoportal\/wp-json\/wp\/v2\/comments?post=98771"}],"version-history":[{"count":2,"href":"https:\/\/www.sudoestehoje.com.br\/novoportal\/wp-json\/wp\/v2\/posts\/98771\/revisions"}],"predecessor-version":[{"id":98774,"href":"https:\/\/www.sudoestehoje.com.br\/novoportal\/wp-json\/wp\/v2\/posts\/98771\/revisions\/98774"}],"wp:featuredmedia":[{"embeddable":true,"href":"https:\/\/www.sudoestehoje.com.br\/novoportal\/wp-json\/wp\/v2\/media\/98772"}],"wp:attachment":[{"href":"https:\/\/www.sudoestehoje.com.br\/novoportal\/wp-json\/wp\/v2\/media?parent=98771"}],"wp:term":[{"taxonomy":"category","embeddable":true,"href":"https:\/\/www.sudoestehoje.com.br\/novoportal\/wp-json\/wp\/v2\/categories?post=98771"},{"taxonomy":"post_tag","embeddable":true,"href":"https:\/\/www.sudoestehoje.com.br\/novoportal\/wp-json\/wp\/v2\/tags?post=98771"}],"curies":[{"name":"wp","href":"https:\/\/api.w.org\/{rel}","templated":true}]}}