
{"id":98750,"date":"2021-12-06T16:42:20","date_gmt":"2021-12-06T19:42:20","guid":{"rendered":"https:\/\/www.sudoestehoje.com.br\/novoportal\/?p=98750"},"modified":"2021-12-06T16:50:13","modified_gmt":"2021-12-06T19:50:13","slug":"farmacia-preco-popular-e-inaugurada-no-centro-comercial-de-itapetinga","status":"publish","type":"post","link":"https:\/\/www.sudoestehoje.com.br\/novoportal\/2021\/12\/06\/farmacia-preco-popular-e-inaugurada-no-centro-comercial-de-itapetinga\/","title":{"rendered":"FARM\u00c1CIA PRE\u00c7O POPULAR \u00c9 INAUGURADA NO CENTRO COMERCIAL DE ITAPETINGA"},"content":{"rendered":"<p><a href=\"https:\/\/www.sudoestehoje.com.br\/novoportal\/wp-content\/uploads\/2021\/12\/WhatsApp-Image-2021-12-06-at-09.57.09.jpeg\"><img loading=\"lazy\" decoding=\"async\" class=\"aligncenter size-medium wp-image-98755\" src=\"https:\/\/www.sudoestehoje.com.br\/novoportal\/wp-content\/uploads\/2021\/12\/WhatsApp-Image-2021-12-06-at-09.57.09-500x375.jpeg\" alt=\"\" width=\"500\" height=\"375\" srcset=\"https:\/\/www.sudoestehoje.com.br\/novoportal\/wp-content\/uploads\/2021\/12\/WhatsApp-Image-2021-12-06-at-09.57.09-500x375.jpeg 500w, https:\/\/www.sudoestehoje.com.br\/novoportal\/wp-content\/uploads\/2021\/12\/WhatsApp-Image-2021-12-06-at-09.57.09-700x525.jpeg 700w, https:\/\/www.sudoestehoje.com.br\/novoportal\/wp-content\/uploads\/2021\/12\/WhatsApp-Image-2021-12-06-at-09.57.09-768x576.jpeg 768w, https:\/\/www.sudoestehoje.com.br\/novoportal\/wp-content\/uploads\/2021\/12\/WhatsApp-Image-2021-12-06-at-09.57.09-1536x1152.jpeg 1536w, https:\/\/www.sudoestehoje.com.br\/novoportal\/wp-content\/uploads\/2021\/12\/WhatsApp-Image-2021-12-06-at-09.57.09.jpeg 1600w\" sizes=\"auto, (max-width: 500px) 100vw, 500px\" \/><\/a><\/p>\n<p>Aconteceu na manh\u00e3 desta segunda-feira (6), a t\u00e3o esperada inaugura\u00e7\u00e3o da filial da FARM\u00c1CIA PRE\u00c7O POPULAR em Itapetinga, rede que vem crescendo em toda a Bahia, com a abertura de lojas em v\u00e1rios munic\u00edpios.<\/p>\n<p>O evento teve in\u00edcio a partir das 9h da manh\u00e3, com grande presen\u00e7a de p\u00fablico, sendo necess\u00e1ria a interdi\u00e7\u00e3o da Rua Jo\u00e3o Pessoa, uma das mais movimentadas da cidade.<\/p>\n<p><a href=\"https:\/\/www.sudoestehoje.com.br\/novoportal\/wp-content\/uploads\/2021\/12\/WhatsApp-Image-2021-12-06-at-09.57.08.jpeg\"><img loading=\"lazy\" decoding=\"async\" class=\"aligncenter size-medium wp-image-98754\" src=\"https:\/\/www.sudoestehoje.com.br\/novoportal\/wp-content\/uploads\/2021\/12\/WhatsApp-Image-2021-12-06-at-09.57.08-500x375.jpeg\" alt=\"\" width=\"500\" height=\"375\" srcset=\"https:\/\/www.sudoestehoje.com.br\/novoportal\/wp-content\/uploads\/2021\/12\/WhatsApp-Image-2021-12-06-at-09.57.08-500x375.jpeg 500w, https:\/\/www.sudoestehoje.com.br\/novoportal\/wp-content\/uploads\/2021\/12\/WhatsApp-Image-2021-12-06-at-09.57.08-700x525.jpeg 700w, https:\/\/www.sudoestehoje.com.br\/novoportal\/wp-content\/uploads\/2021\/12\/WhatsApp-Image-2021-12-06-at-09.57.08-768x576.jpeg 768w, https:\/\/www.sudoestehoje.com.br\/novoportal\/wp-content\/uploads\/2021\/12\/WhatsApp-Image-2021-12-06-at-09.57.08-1536x1152.jpeg 1536w, https:\/\/www.sudoestehoje.com.br\/novoportal\/wp-content\/uploads\/2021\/12\/WhatsApp-Image-2021-12-06-at-09.57.08.jpeg 1600w\" sizes=\"auto, (max-width: 500px) 100vw, 500px\" \/><\/a><\/p>\n<p>Presente na inaugura\u00e7\u00e3o, juntamente com seus familiares, o propriet\u00e1rio da rede, <strong>Rogerio\u00a0Magno de Campos\u00a0Cancio Junior<\/strong>, conversou com o<em><strong> Sudoeste Hoje<\/strong><\/em> e manifestou o seu contentamento em abrir em Itapetinga a primeira unidade da Farm\u00e1cia Pre\u00e7o Popular na regi\u00e3o, ap\u00f3s estudo do grande potencial do com\u00e9rcio local, quem vem crescendo com muito vigor nos \u00faltimos anos.<\/p>\n<p><a href=\"https:\/\/www.sudoestehoje.com.br\/novoportal\/wp-content\/uploads\/2021\/12\/WhatsApp-Image-2021-12-06-at-09.57.07-1.jpeg\"><img loading=\"lazy\" decoding=\"async\" class=\"aligncenter size-medium wp-image-98756\" src=\"https:\/\/www.sudoestehoje.com.br\/novoportal\/wp-content\/uploads\/2021\/12\/WhatsApp-Image-2021-12-06-at-09.57.07-1-500x375.jpeg\" alt=\"\" width=\"500\" height=\"375\" srcset=\"https:\/\/www.sudoestehoje.com.br\/novoportal\/wp-content\/uploads\/2021\/12\/WhatsApp-Image-2021-12-06-at-09.57.07-1-500x375.jpeg 500w, https:\/\/www.sudoestehoje.com.br\/novoportal\/wp-content\/uploads\/2021\/12\/WhatsApp-Image-2021-12-06-at-09.57.07-1-700x525.jpeg 700w, https:\/\/www.sudoestehoje.com.br\/novoportal\/wp-content\/uploads\/2021\/12\/WhatsApp-Image-2021-12-06-at-09.57.07-1-768x576.jpeg 768w, https:\/\/www.sudoestehoje.com.br\/novoportal\/wp-content\/uploads\/2021\/12\/WhatsApp-Image-2021-12-06-at-09.57.07-1-1536x1152.jpeg 1536w, https:\/\/www.sudoestehoje.com.br\/novoportal\/wp-content\/uploads\/2021\/12\/WhatsApp-Image-2021-12-06-at-09.57.07-1.jpeg 1600w\" sizes=\"auto, (max-width: 500px) 100vw, 500px\" \/><\/a><\/p>\n<p>Na inaugura\u00e7\u00e3o, foram distribu\u00eddos para as 100 primeiras pessoas a chegaram ao local, vales descontos de R$10,00 para serem usados em compras acima de R$20,00, apenas nesta segunda-feira.<\/p>\n<p>A clientela que compareceu ao evento de inaugura\u00e7\u00e3o mostrou-se satisfeita e at\u00e9 surpresa com os baixos pre\u00e7os dos medicamentos comercializados na rede, o que confirma a proposta da empresa de vender seus produtos a pre\u00e7os populares.<\/p>\n<p><strong><em>Por Davi Ferraz<\/em><\/strong><\/p>\n","protected":false},"excerpt":{"rendered":"<p>Aconteceu na manh\u00e3 desta segunda-feira (6), a t\u00e3o esperada inaugura\u00e7\u00e3o da filial da FARM\u00c1CIA PRE\u00c7O POPULAR em Itapetinga, rede que vem crescendo em toda a Bahia, com a abertura de lojas em v\u00e1rios munic\u00edpios. O evento teve in\u00edcio a partir das 9h da manh\u00e3, com grande presen\u00e7a de p\u00fablico, sendo necess\u00e1ria a interdi\u00e7\u00e3o da Rua [&hellip;]<\/p>\n","protected":false},"author":2,"featured_media":98755,"comment_status":"open","ping_status":"open","sticky":false,"template":"","format":"standard","meta":{"footnotes":"","_links_to":"","_links_to_target":""},"categories":[1],"tags":[],"class_list":["post-98750","post","type-post","status-publish","format-standard","has-post-thumbnail","hentry","category-geral"],"views":1257,"_links":{"self":[{"href":"https:\/\/www.sudoestehoje.com.br\/novoportal\/wp-json\/wp\/v2\/posts\/98750","targetHints":{"allow":["GET"]}}],"collection":[{"href":"https:\/\/www.sudoestehoje.com.br\/novoportal\/wp-json\/wp\/v2\/posts"}],"about":[{"href":"https:\/\/www.sudoestehoje.com.br\/novoportal\/wp-json\/wp\/v2\/types\/post"}],"author":[{"embeddable":true,"href":"https:\/\/www.sudoestehoje.com.br\/novoportal\/wp-json\/wp\/v2\/users\/2"}],"replies":[{"embeddable":true,"href":"https:\/\/www.sudoestehoje.com.br\/novoportal\/wp-json\/wp\/v2\/comments?post=98750"}],"version-history":[{"count":5,"href":"https:\/\/www.sudoestehoje.com.br\/novoportal\/wp-json\/wp\/v2\/posts\/98750\/revisions"}],"predecessor-version":[{"id":98759,"href":"https:\/\/www.sudoestehoje.com.br\/novoportal\/wp-json\/wp\/v2\/posts\/98750\/revisions\/98759"}],"wp:featuredmedia":[{"embeddable":true,"href":"https:\/\/www.sudoestehoje.com.br\/novoportal\/wp-json\/wp\/v2\/media\/98755"}],"wp:attachment":[{"href":"https:\/\/www.sudoestehoje.com.br\/novoportal\/wp-json\/wp\/v2\/media?parent=98750"}],"wp:term":[{"taxonomy":"category","embeddable":true,"href":"https:\/\/www.sudoestehoje.com.br\/novoportal\/wp-json\/wp\/v2\/categories?post=98750"},{"taxonomy":"post_tag","embeddable":true,"href":"https:\/\/www.sudoestehoje.com.br\/novoportal\/wp-json\/wp\/v2\/tags?post=98750"}],"curies":[{"name":"wp","href":"https:\/\/api.w.org\/{rel}","templated":true}]}}