
{"id":98735,"date":"2021-12-05T18:06:17","date_gmt":"2021-12-05T21:06:17","guid":{"rendered":"https:\/\/www.sudoestehoje.com.br\/novoportal\/?p=98735"},"modified":"2021-12-05T18:06:17","modified_gmt":"2021-12-05T21:06:17","slug":"pedro-tavares-parabeniza-michel-hagge-pela-passagem-do-94o-aniversario","status":"publish","type":"post","link":"https:\/\/www.sudoestehoje.com.br\/novoportal\/2021\/12\/05\/pedro-tavares-parabeniza-michel-hagge-pela-passagem-do-94o-aniversario\/","title":{"rendered":"PEDRO TAVARES PARABENIZA MICHEL HAGGE PELA PASSAGEM DO 94\u00ba ANIVERS\u00c1RIO"},"content":{"rendered":"<p><a href=\"https:\/\/www.sudoestehoje.com.br\/novoportal\/wp-content\/uploads\/2021\/12\/MICH.jpg\"><img loading=\"lazy\" decoding=\"async\" class=\"aligncenter size-full wp-image-98736\" src=\"https:\/\/www.sudoestehoje.com.br\/novoportal\/wp-content\/uploads\/2021\/12\/MICH.jpg\" alt=\"\" width=\"500\" height=\"300\" \/><\/a><\/p>\n<p>O deputado estadual Pedro Tavares parabenizou o ex-prefeito de Itapetinga e ex-deputado estadual Michel Hagge, pela passagem do anivers\u00e1rio, hoje. Demonstrando a sua grande amizade, considera\u00e7\u00e3o e respeito \u00e0 hist\u00f3ria de Michel, o parlamentar o felicitou pela data especial.<\/p>\n<p><em>&#8220;Quero registrar os meus votos de muita paz e sa\u00fade para Sr. Michel, uma refer\u00eancia pol\u00edtica em nossa trajet\u00f3ria, l\u00edder da na\u00e7\u00e3o gabiraba, um homem que marcou a hist\u00f3ria de Itapetinga, um exemplo de seriedade, trabalho, dedica\u00e7\u00e3o e amor \u00e0 sua terra. Enviamos o nosso abra\u00e7o. Que Deus o aben\u00e7oe&#8221;<\/em> , afirmou.<\/p>\n","protected":false},"excerpt":{"rendered":"<p>O deputado estadual Pedro Tavares parabenizou o ex-prefeito de Itapetinga e ex-deputado estadual Michel Hagge, pela passagem do anivers\u00e1rio, hoje. Demonstrando a sua grande amizade, considera\u00e7\u00e3o e respeito \u00e0 hist\u00f3ria de Michel, o parlamentar o felicitou pela data especial. &#8220;Quero registrar os meus votos de muita paz e sa\u00fade para Sr. Michel, uma refer\u00eancia pol\u00edtica [&hellip;]<\/p>\n","protected":false},"author":2,"featured_media":98736,"comment_status":"open","ping_status":"open","sticky":false,"template":"","format":"standard","meta":{"footnotes":"","_links_to":"","_links_to_target":""},"categories":[1],"tags":[],"class_list":["post-98735","post","type-post","status-publish","format-standard","has-post-thumbnail","hentry","category-geral"],"views":958,"_links":{"self":[{"href":"https:\/\/www.sudoestehoje.com.br\/novoportal\/wp-json\/wp\/v2\/posts\/98735","targetHints":{"allow":["GET"]}}],"collection":[{"href":"https:\/\/www.sudoestehoje.com.br\/novoportal\/wp-json\/wp\/v2\/posts"}],"about":[{"href":"https:\/\/www.sudoestehoje.com.br\/novoportal\/wp-json\/wp\/v2\/types\/post"}],"author":[{"embeddable":true,"href":"https:\/\/www.sudoestehoje.com.br\/novoportal\/wp-json\/wp\/v2\/users\/2"}],"replies":[{"embeddable":true,"href":"https:\/\/www.sudoestehoje.com.br\/novoportal\/wp-json\/wp\/v2\/comments?post=98735"}],"version-history":[{"count":2,"href":"https:\/\/www.sudoestehoje.com.br\/novoportal\/wp-json\/wp\/v2\/posts\/98735\/revisions"}],"predecessor-version":[{"id":98738,"href":"https:\/\/www.sudoestehoje.com.br\/novoportal\/wp-json\/wp\/v2\/posts\/98735\/revisions\/98738"}],"wp:featuredmedia":[{"embeddable":true,"href":"https:\/\/www.sudoestehoje.com.br\/novoportal\/wp-json\/wp\/v2\/media\/98736"}],"wp:attachment":[{"href":"https:\/\/www.sudoestehoje.com.br\/novoportal\/wp-json\/wp\/v2\/media?parent=98735"}],"wp:term":[{"taxonomy":"category","embeddable":true,"href":"https:\/\/www.sudoestehoje.com.br\/novoportal\/wp-json\/wp\/v2\/categories?post=98735"},{"taxonomy":"post_tag","embeddable":true,"href":"https:\/\/www.sudoestehoje.com.br\/novoportal\/wp-json\/wp\/v2\/tags?post=98735"}],"curies":[{"name":"wp","href":"https:\/\/api.w.org\/{rel}","templated":true}]}}