
{"id":98682,"date":"2021-12-03T18:49:35","date_gmt":"2021-12-03T21:49:35","guid":{"rendered":"https:\/\/www.sudoestehoje.com.br\/novoportal\/?p=98682"},"modified":"2021-12-03T18:49:35","modified_gmt":"2021-12-03T21:49:35","slug":"em-video-ministro-joao-roma-confirma-vinda-a-itapetinga-neste-sabado","status":"publish","type":"post","link":"https:\/\/www.sudoestehoje.com.br\/novoportal\/2021\/12\/03\/em-video-ministro-joao-roma-confirma-vinda-a-itapetinga-neste-sabado\/","title":{"rendered":"EM V\u00cdDEO, MINISTRO JO\u00c3O ROMA CONFIRMA VINDA A ITAPETINGA NESTE S\u00c1BADO"},"content":{"rendered":"<p><a href=\"https:\/\/www.sudoestehoje.com.br\/novoportal\/wp-content\/uploads\/2021\/12\/WhatsApp-Image-2021-12-03-at-18.46.50.jpeg\"><img loading=\"lazy\" decoding=\"async\" class=\"aligncenter size-medium wp-image-98683\" src=\"https:\/\/www.sudoestehoje.com.br\/novoportal\/wp-content\/uploads\/2021\/12\/WhatsApp-Image-2021-12-03-at-18.46.50-500x322.jpeg\" alt=\"\" width=\"500\" height=\"322\" srcset=\"https:\/\/www.sudoestehoje.com.br\/novoportal\/wp-content\/uploads\/2021\/12\/WhatsApp-Image-2021-12-03-at-18.46.50-500x322.jpeg 500w, https:\/\/www.sudoestehoje.com.br\/novoportal\/wp-content\/uploads\/2021\/12\/WhatsApp-Image-2021-12-03-at-18.46.50-700x451.jpeg 700w, https:\/\/www.sudoestehoje.com.br\/novoportal\/wp-content\/uploads\/2021\/12\/WhatsApp-Image-2021-12-03-at-18.46.50-768x495.jpeg 768w, https:\/\/www.sudoestehoje.com.br\/novoportal\/wp-content\/uploads\/2021\/12\/WhatsApp-Image-2021-12-03-at-18.46.50.jpeg 1080w\" sizes=\"auto, (max-width: 500px) 100vw, 500px\" \/><\/a><\/p>\n<p>Atrav\u00e9s de um v\u00eddeo que circula das redes sociais, o ministro Jo\u00e3o Roma, da Cidadania, confirmou a sua presen\u00e7a em Itapetinga neste s\u00e1bado (3), onde ter\u00e1 um encontro institucional com o prefeito Rodrigo Hagge e equipe, para tratar de assuntos do interesse do munic\u00edpio.<\/p>\n<p>Em contato com o Sudoeste Hoje, o prefeito Rodrigo Hagge informou que haver\u00e1 um encontro entre o ministros e lideran\u00e7as pol\u00edticas de Itapetinga e regi\u00e3o, no audit\u00f3rio da C\u00e2mara Municipal de Itapetinga, a partir das 15h, onde o ministro anunciar\u00e1 a libera\u00e7\u00e3o de recursos federais para o Programa de Reforma de Moradias, do seu minist\u00e9rio.<\/p>\n<p>No v\u00eddeo, Jo\u00e3o Roma aparece ao lado do presidente Bolsonaro, Magno Malta e o cantor baiano Netinho, mas a vinda de Bolsonaro ficar\u00e1 para outra oportunidade, segundo Rodrigo.<\/p>\n<div style=\"width: 640px;\" class=\"wp-video\"><!--[if lt IE 9]><script>document.createElement('video');<\/script><![endif]-->\n<video class=\"wp-video-shortcode\" id=\"video-98682-1\" width=\"640\" height=\"480\" preload=\"metadata\" controls=\"controls\"><source type=\"video\/mp4\" src=\"https:\/\/www.sudoestehoje.com.br\/novoportal\/wp-content\/uploads\/2021\/12\/WhatsApp-Video-2021-12-03-at-18.44.55.mp4?_=1\" \/><a href=\"https:\/\/www.sudoestehoje.com.br\/novoportal\/wp-content\/uploads\/2021\/12\/WhatsApp-Video-2021-12-03-at-18.44.55.mp4\">https:\/\/www.sudoestehoje.com.br\/novoportal\/wp-content\/uploads\/2021\/12\/WhatsApp-Video-2021-12-03-at-18.44.55.mp4<\/a><\/video><\/div>\n<p><strong><em>Por Davi Ferraz<\/em><\/strong><\/p>\n","protected":false},"excerpt":{"rendered":"<p>Atrav\u00e9s de um v\u00eddeo que circula das redes sociais, o ministro Jo\u00e3o Roma, da Cidadania, confirmou a sua presen\u00e7a em Itapetinga neste s\u00e1bado (3), onde ter\u00e1 um encontro institucional com o prefeito Rodrigo Hagge e equipe, para tratar de assuntos do interesse do munic\u00edpio. Em contato com o Sudoeste Hoje, o prefeito Rodrigo Hagge informou [&hellip;]<\/p>\n","protected":false},"author":2,"featured_media":98683,"comment_status":"open","ping_status":"open","sticky":false,"template":"","format":"standard","meta":{"footnotes":"","_links_to":"","_links_to_target":""},"categories":[1],"tags":[],"class_list":["post-98682","post","type-post","status-publish","format-standard","has-post-thumbnail","hentry","category-geral"],"views":871,"_links":{"self":[{"href":"https:\/\/www.sudoestehoje.com.br\/novoportal\/wp-json\/wp\/v2\/posts\/98682","targetHints":{"allow":["GET"]}}],"collection":[{"href":"https:\/\/www.sudoestehoje.com.br\/novoportal\/wp-json\/wp\/v2\/posts"}],"about":[{"href":"https:\/\/www.sudoestehoje.com.br\/novoportal\/wp-json\/wp\/v2\/types\/post"}],"author":[{"embeddable":true,"href":"https:\/\/www.sudoestehoje.com.br\/novoportal\/wp-json\/wp\/v2\/users\/2"}],"replies":[{"embeddable":true,"href":"https:\/\/www.sudoestehoje.com.br\/novoportal\/wp-json\/wp\/v2\/comments?post=98682"}],"version-history":[{"count":2,"href":"https:\/\/www.sudoestehoje.com.br\/novoportal\/wp-json\/wp\/v2\/posts\/98682\/revisions"}],"predecessor-version":[{"id":98686,"href":"https:\/\/www.sudoestehoje.com.br\/novoportal\/wp-json\/wp\/v2\/posts\/98682\/revisions\/98686"}],"wp:featuredmedia":[{"embeddable":true,"href":"https:\/\/www.sudoestehoje.com.br\/novoportal\/wp-json\/wp\/v2\/media\/98683"}],"wp:attachment":[{"href":"https:\/\/www.sudoestehoje.com.br\/novoportal\/wp-json\/wp\/v2\/media?parent=98682"}],"wp:term":[{"taxonomy":"category","embeddable":true,"href":"https:\/\/www.sudoestehoje.com.br\/novoportal\/wp-json\/wp\/v2\/categories?post=98682"},{"taxonomy":"post_tag","embeddable":true,"href":"https:\/\/www.sudoestehoje.com.br\/novoportal\/wp-json\/wp\/v2\/tags?post=98682"}],"curies":[{"name":"wp","href":"https:\/\/api.w.org\/{rel}","templated":true}]}}