
{"id":98677,"date":"2021-12-03T13:34:09","date_gmt":"2021-12-03T16:34:09","guid":{"rendered":"https:\/\/www.sudoestehoje.com.br\/novoportal\/?p=98677"},"modified":"2021-12-03T14:25:00","modified_gmt":"2021-12-03T17:25:00","slug":"itapetinga-inaugura-mega-farmacia-preco-popular-na-proxima-segunda","status":"publish","type":"post","link":"https:\/\/www.sudoestehoje.com.br\/novoportal\/2021\/12\/03\/itapetinga-inaugura-mega-farmacia-preco-popular-na-proxima-segunda\/","title":{"rendered":"ITAPETINGA INAUGURA MEGA FARM\u00c1CIA PRE\u00c7O POPULAR NA PR\u00d3XIMA SEGUNDA"},"content":{"rendered":"<div id=\"attachment_98672\" style=\"width: 510px\" class=\"wp-caption aligncenter\"><a href=\"https:\/\/www.sudoestehoje.com.br\/novoportal\/wp-content\/uploads\/2021\/11\/WhatsApp-Image-2021-12-03-at-12.30.46.jpeg\"><img loading=\"lazy\" decoding=\"async\" aria-describedby=\"caption-attachment-98672\" class=\"size-medium wp-image-98672\" src=\"https:\/\/www.sudoestehoje.com.br\/novoportal\/wp-content\/uploads\/2021\/11\/WhatsApp-Image-2021-12-03-at-12.30.46-500x281.jpeg\" alt=\"\" width=\"500\" height=\"281\" srcset=\"https:\/\/www.sudoestehoje.com.br\/novoportal\/wp-content\/uploads\/2021\/11\/WhatsApp-Image-2021-12-03-at-12.30.46-500x281.jpeg 500w, https:\/\/www.sudoestehoje.com.br\/novoportal\/wp-content\/uploads\/2021\/11\/WhatsApp-Image-2021-12-03-at-12.30.46-700x393.jpeg 700w, https:\/\/www.sudoestehoje.com.br\/novoportal\/wp-content\/uploads\/2021\/11\/WhatsApp-Image-2021-12-03-at-12.30.46-768x431.jpeg 768w, https:\/\/www.sudoestehoje.com.br\/novoportal\/wp-content\/uploads\/2021\/11\/WhatsApp-Image-2021-12-03-at-12.30.46.jpeg 1280w\" sizes=\"auto, (max-width: 500px) 100vw, 500px\" \/><\/a><p id=\"caption-attachment-98672\" class=\"wp-caption-text\">ITAPETINGA &#8211; BAHIA<\/p><\/div>\n<p><strong>Nessa segunda-feira (06), a Farm\u00e1cia Pre\u00e7o Popular inaugura sua primeira loja na cidade de Itapetinga.<\/strong><\/p>\n<p><strong>A Farm\u00e1cia MAIS BARATA DA BAHIA convida voc\u00ea para essa grande inaugura\u00e7\u00e3o, a partir das 09 horas, na Rua Jo\u00e3o Pessoa, 15 \u2013 no Centro de Itapetinga, em frente a loja da VIVO.<\/strong><\/p>\n<p><strong>S\u00f3 na Farm\u00e1cia Pre\u00e7o Popular voc\u00ea encontra medicamentos a pre\u00e7o de custo e economiza at\u00e9 90% na sua compra, dividindo em at\u00e9 10x.<\/strong><\/p>\n<p><strong>Ser\u00e3o distribu\u00eddos para as 100 primeiras pessoas a chegarem nesse grande evento de inaugura\u00e7\u00e3o, vales descontos de R$10,00 para serem usados em compras acima de R$20,00, somente no dia 06\/12. CHEGUE CEDO E GARANTA O SEU!<\/strong><\/p>\n<p><strong>\u00a0N\u00c3O SE ESQUE\u00c7A! \u00c9 NESSA SEGUNDA-FEIRA a partir das 09 horas! <\/strong><\/p>\n<p><strong>N\u00c3O SE DEIXE ENGANAR! S\u00d3 EXISTE UMA FARM\u00c1CIA PRE\u00c7O POPULAR! A FARM\u00c1CIA QUE VENDE BARATO DE VERDADE!<\/strong><\/p>\n","protected":false},"excerpt":{"rendered":"<p>Nessa segunda-feira (06), a Farm\u00e1cia Pre\u00e7o Popular inaugura sua primeira loja na cidade de Itapetinga. A Farm\u00e1cia MAIS BARATA DA BAHIA convida voc\u00ea para essa grande inaugura\u00e7\u00e3o, a partir das 09 horas, na Rua Jo\u00e3o Pessoa, 15 \u2013 no Centro de Itapetinga, em frente a loja da VIVO. S\u00f3 na Farm\u00e1cia Pre\u00e7o Popular voc\u00ea encontra [&hellip;]<\/p>\n","protected":false},"author":2,"featured_media":98672,"comment_status":"open","ping_status":"open","sticky":false,"template":"","format":"standard","meta":{"footnotes":"","_links_to":"","_links_to_target":""},"categories":[1],"tags":[],"class_list":["post-98677","post","type-post","status-publish","format-standard","has-post-thumbnail","hentry","category-geral"],"views":763,"_links":{"self":[{"href":"https:\/\/www.sudoestehoje.com.br\/novoportal\/wp-json\/wp\/v2\/posts\/98677","targetHints":{"allow":["GET"]}}],"collection":[{"href":"https:\/\/www.sudoestehoje.com.br\/novoportal\/wp-json\/wp\/v2\/posts"}],"about":[{"href":"https:\/\/www.sudoestehoje.com.br\/novoportal\/wp-json\/wp\/v2\/types\/post"}],"author":[{"embeddable":true,"href":"https:\/\/www.sudoestehoje.com.br\/novoportal\/wp-json\/wp\/v2\/users\/2"}],"replies":[{"embeddable":true,"href":"https:\/\/www.sudoestehoje.com.br\/novoportal\/wp-json\/wp\/v2\/comments?post=98677"}],"version-history":[{"count":4,"href":"https:\/\/www.sudoestehoje.com.br\/novoportal\/wp-json\/wp\/v2\/posts\/98677\/revisions"}],"predecessor-version":[{"id":98681,"href":"https:\/\/www.sudoestehoje.com.br\/novoportal\/wp-json\/wp\/v2\/posts\/98677\/revisions\/98681"}],"wp:featuredmedia":[{"embeddable":true,"href":"https:\/\/www.sudoestehoje.com.br\/novoportal\/wp-json\/wp\/v2\/media\/98672"}],"wp:attachment":[{"href":"https:\/\/www.sudoestehoje.com.br\/novoportal\/wp-json\/wp\/v2\/media?parent=98677"}],"wp:term":[{"taxonomy":"category","embeddable":true,"href":"https:\/\/www.sudoestehoje.com.br\/novoportal\/wp-json\/wp\/v2\/categories?post=98677"},{"taxonomy":"post_tag","embeddable":true,"href":"https:\/\/www.sudoestehoje.com.br\/novoportal\/wp-json\/wp\/v2\/tags?post=98677"}],"curies":[{"name":"wp","href":"https:\/\/api.w.org\/{rel}","templated":true}]}}