
{"id":98632,"date":"2021-12-02T09:21:00","date_gmt":"2021-12-02T12:21:00","guid":{"rendered":"https:\/\/www.sudoestehoje.com.br\/novoportal\/?p=98632"},"modified":"2021-12-02T09:26:20","modified_gmt":"2021-12-02T12:26:20","slug":"parana-pesquisas-acm-neto-lidera-com-548-wagner-231-joao-roma-39","status":"publish","type":"post","link":"https:\/\/www.sudoestehoje.com.br\/novoportal\/2021\/12\/02\/parana-pesquisas-acm-neto-lidera-com-548-wagner-231-joao-roma-39\/","title":{"rendered":"PARAN\u00c1 PESQUISAS: ACM NETO LIDERA COM 54,8%, WAGNER 23,1, JO\u00c3O ROMA 3,9%"},"content":{"rendered":"<p><a href=\"https:\/\/www.sudoestehoje.com.br\/novoportal\/wp-content\/uploads\/2021\/12\/imagem-notica-neto-wagner-roma.jpeg\"><img loading=\"lazy\" decoding=\"async\" class=\"aligncenter size-medium wp-image-98633\" src=\"https:\/\/www.sudoestehoje.com.br\/novoportal\/wp-content\/uploads\/2021\/12\/imagem-notica-neto-wagner-roma-500x275.jpeg\" alt=\"\" width=\"500\" height=\"275\" srcset=\"https:\/\/www.sudoestehoje.com.br\/novoportal\/wp-content\/uploads\/2021\/12\/imagem-notica-neto-wagner-roma-500x275.jpeg 500w, https:\/\/www.sudoestehoje.com.br\/novoportal\/wp-content\/uploads\/2021\/12\/imagem-notica-neto-wagner-roma-700x385.jpeg 700w, https:\/\/www.sudoestehoje.com.br\/novoportal\/wp-content\/uploads\/2021\/12\/imagem-notica-neto-wagner-roma.jpeg 720w\" sizes=\"auto, (max-width: 500px) 100vw, 500px\" \/><\/a><\/p>\n<p>O Instituto Paran\u00e1 Pesquisas divulgou na manh\u00e3 desta quinta-feira (2), novos n\u00fameros sobre a disputa pelo governo do Estado da Bahia em 2022. O ex-prefeito de Salvador, ACM Neto (DEM), lidera com folga as inten\u00e7\u00f5es de voto.<\/p>\n<p>Com lan\u00e7amento da candidatura marcada para esta quinta-feira, o presidente nacional do DEM, ACM Neto, soma 54,8% de inten\u00e7\u00e3o dos votos, enquanto o candidato do PT, Jaques Wagner, aparece em segundo lugar, com 23,1%.<\/p>\n<p>O ministro da Cidadania, Jo\u00e3o Roma, aparece em terceiro lugar com 3,9% dos votos. Ra\u00edssa Soares, ex-secret\u00e1ria de Sa\u00fade de Porto Seguro, aparece na quarta posi\u00e7\u00e3o.<\/p>\n<p>O vereador de Salvador, Alexandre Aleluia (DEM), e o ex-vereador Marcos Mendes (PSOL), aparecem com as menores porcentagens. Aleluia somou 0,9%, enquanto Mendes apareceu com apenas 0,3% das inten\u00e7\u00f5es.<\/p>\n<p>Votos brancos ou nulos somam 9,3% e eleitores que n\u00e3o souberam responder equivalem a 5%.<\/p>\n","protected":false},"excerpt":{"rendered":"<p>O Instituto Paran\u00e1 Pesquisas divulgou na manh\u00e3 desta quinta-feira (2), novos n\u00fameros sobre a disputa pelo governo do Estado da Bahia em 2022. O ex-prefeito de Salvador, ACM Neto (DEM), lidera com folga as inten\u00e7\u00f5es de voto. Com lan\u00e7amento da candidatura marcada para esta quinta-feira, o presidente nacional do DEM, ACM Neto, soma 54,8% de [&hellip;]<\/p>\n","protected":false},"author":2,"featured_media":98633,"comment_status":"open","ping_status":"open","sticky":false,"template":"","format":"standard","meta":{"footnotes":"","_links_to":"","_links_to_target":""},"categories":[1],"tags":[],"class_list":["post-98632","post","type-post","status-publish","format-standard","has-post-thumbnail","hentry","category-geral"],"views":1191,"_links":{"self":[{"href":"https:\/\/www.sudoestehoje.com.br\/novoportal\/wp-json\/wp\/v2\/posts\/98632","targetHints":{"allow":["GET"]}}],"collection":[{"href":"https:\/\/www.sudoestehoje.com.br\/novoportal\/wp-json\/wp\/v2\/posts"}],"about":[{"href":"https:\/\/www.sudoestehoje.com.br\/novoportal\/wp-json\/wp\/v2\/types\/post"}],"author":[{"embeddable":true,"href":"https:\/\/www.sudoestehoje.com.br\/novoportal\/wp-json\/wp\/v2\/users\/2"}],"replies":[{"embeddable":true,"href":"https:\/\/www.sudoestehoje.com.br\/novoportal\/wp-json\/wp\/v2\/comments?post=98632"}],"version-history":[{"count":1,"href":"https:\/\/www.sudoestehoje.com.br\/novoportal\/wp-json\/wp\/v2\/posts\/98632\/revisions"}],"predecessor-version":[{"id":98634,"href":"https:\/\/www.sudoestehoje.com.br\/novoportal\/wp-json\/wp\/v2\/posts\/98632\/revisions\/98634"}],"wp:featuredmedia":[{"embeddable":true,"href":"https:\/\/www.sudoestehoje.com.br\/novoportal\/wp-json\/wp\/v2\/media\/98633"}],"wp:attachment":[{"href":"https:\/\/www.sudoestehoje.com.br\/novoportal\/wp-json\/wp\/v2\/media?parent=98632"}],"wp:term":[{"taxonomy":"category","embeddable":true,"href":"https:\/\/www.sudoestehoje.com.br\/novoportal\/wp-json\/wp\/v2\/categories?post=98632"},{"taxonomy":"post_tag","embeddable":true,"href":"https:\/\/www.sudoestehoje.com.br\/novoportal\/wp-json\/wp\/v2\/tags?post=98632"}],"curies":[{"name":"wp","href":"https:\/\/api.w.org\/{rel}","templated":true}]}}