
{"id":98619,"date":"2021-12-01T21:49:55","date_gmt":"2021-12-02T00:49:55","guid":{"rendered":"https:\/\/www.sudoestehoje.com.br\/novoportal\/?p=98619"},"modified":"2021-12-01T23:18:12","modified_gmt":"2021-12-02T02:18:12","slug":"itapetinga-menina-morta-em-desabamento-durante-chuva-e-identificada","status":"publish","type":"post","link":"https:\/\/www.sudoestehoje.com.br\/novoportal\/2021\/12\/01\/itapetinga-menina-morta-em-desabamento-durante-chuva-e-identificada\/","title":{"rendered":"ITAPETINGA: MENINA MORTA EM DESABAMENTO DURANTE CHUVA \u00c9 IDENTIFICADA"},"content":{"rendered":"<p><a href=\"https:\/\/www.sudoestehoje.com.br\/novoportal\/wp-content\/uploads\/2021\/12\/WhatsApp-Image-2021-12-01-at-21.35.34-1.jpeg\"><img loading=\"lazy\" decoding=\"async\" class=\"aligncenter size-medium wp-image-98623\" src=\"https:\/\/www.sudoestehoje.com.br\/novoportal\/wp-content\/uploads\/2021\/12\/WhatsApp-Image-2021-12-01-at-21.35.34-1-500x423.jpeg\" alt=\"\" width=\"500\" height=\"423\" srcset=\"https:\/\/www.sudoestehoje.com.br\/novoportal\/wp-content\/uploads\/2021\/12\/WhatsApp-Image-2021-12-01-at-21.35.34-1-500x423.jpeg 500w, https:\/\/www.sudoestehoje.com.br\/novoportal\/wp-content\/uploads\/2021\/12\/WhatsApp-Image-2021-12-01-at-21.35.34-1-700x592.jpeg 700w, https:\/\/www.sudoestehoje.com.br\/novoportal\/wp-content\/uploads\/2021\/12\/WhatsApp-Image-2021-12-01-at-21.35.34-1.jpeg 721w\" sizes=\"auto, (max-width: 500px) 100vw, 500px\" \/><\/a><\/p>\n<p>A menina que foi soterrada no bairro Am\u00e9rico Nogueira durante temporal desta quarta-feira (1), acaba de ser identificada, atrav\u00e9s da fam\u00edlia.<\/p>\n<p>Trata-se da menor Lilian Santos, de apenas 9 anos, que se encontrava dentro da pr\u00f3pria resid\u00eancia no momento do desabamento, no final da tarde de hoje. A garota estava na resid\u00eancia com outras cinco pessoas.<\/p>\n<p>ENTENDA O OCORRIDO<\/p>\n<p><a href=\"https:\/\/www.sudoestehoje.com.br\/novoportal\/wp-content\/uploads\/2021\/12\/whatsapp-image-2021-12-01-at-19.54.34.jpeg\"><img loading=\"lazy\" decoding=\"async\" class=\"aligncenter size-medium wp-image-98628\" src=\"https:\/\/www.sudoestehoje.com.br\/novoportal\/wp-content\/uploads\/2021\/12\/whatsapp-image-2021-12-01-at-19.54.34-500x282.jpeg\" alt=\"\" width=\"500\" height=\"282\" srcset=\"https:\/\/www.sudoestehoje.com.br\/novoportal\/wp-content\/uploads\/2021\/12\/whatsapp-image-2021-12-01-at-19.54.34-500x282.jpeg 500w, https:\/\/www.sudoestehoje.com.br\/novoportal\/wp-content\/uploads\/2021\/12\/whatsapp-image-2021-12-01-at-19.54.34-700x394.jpeg 700w, https:\/\/www.sudoestehoje.com.br\/novoportal\/wp-content\/uploads\/2021\/12\/whatsapp-image-2021-12-01-at-19.54.34-768x432.jpeg 768w, https:\/\/www.sudoestehoje.com.br\/novoportal\/wp-content\/uploads\/2021\/12\/whatsapp-image-2021-12-01-at-19.54.34.jpeg 984w\" sizes=\"auto, (max-width: 500px) 100vw, 500px\" \/><\/a><\/p>\n<div class=\"wall protected-content\">\n<div class=\"mc-column content-text active-extra-styles \" data-block-type=\"unstyled\" data-block-weight=\"28\" data-block-id=\"3\">\n<p class=\"content-text__container \" data-track-category=\"Link no Texto\" data-track-links=\"\">De acordo com informa\u00e7\u00f5es de moradores, chovia bastante na regi\u00e3o no momento do acidente. Cinco crian\u00e7as e um adulto assistiam TV quando a parede caiu sobre as v\u00edtimas.<\/p>\n<p data-track-category=\"Link no Texto\" data-track-links=\"\">Todos os feridos foram socorridos pelo SAMU para o Hospital Cristo Redentor, na cidade. No entanto, a garota de nove anos morreu. Uma outra crian\u00e7a sofreu uma les\u00e3o na coluna e foi transferida para Vit\u00f3ria da Conquista. As outras v\u00edtimas sofreram ferimentos leves.<\/p>\n<\/div>\n<\/div>\n<p>O Sudoeste Hoje lamenta profundamente o ocorrido e pede \u00e0s autoridades competentes que adotem todas as medidas cab\u00edveis para ajudar a fam\u00edlia da menor, que ficou desabrigada ap\u00f3s desabamento da sua moradia.<\/p>\n<p><em><strong>Por Davi Ferraz<\/strong><\/em><\/p>\n","protected":false},"excerpt":{"rendered":"<p>A menina que foi soterrada no bairro Am\u00e9rico Nogueira durante temporal desta quarta-feira (1), acaba de ser identificada, atrav\u00e9s da fam\u00edlia. Trata-se da menor Lilian Santos, de apenas 9 anos, que se encontrava dentro da pr\u00f3pria resid\u00eancia no momento do desabamento, no final da tarde de hoje. A garota estava na resid\u00eancia com outras cinco [&hellip;]<\/p>\n","protected":false},"author":2,"featured_media":98623,"comment_status":"open","ping_status":"open","sticky":false,"template":"","format":"standard","meta":{"footnotes":"","_links_to":"","_links_to_target":""},"categories":[1],"tags":[],"class_list":["post-98619","post","type-post","status-publish","format-standard","has-post-thumbnail","hentry","category-geral"],"views":2107,"_links":{"self":[{"href":"https:\/\/www.sudoestehoje.com.br\/novoportal\/wp-json\/wp\/v2\/posts\/98619","targetHints":{"allow":["GET"]}}],"collection":[{"href":"https:\/\/www.sudoestehoje.com.br\/novoportal\/wp-json\/wp\/v2\/posts"}],"about":[{"href":"https:\/\/www.sudoestehoje.com.br\/novoportal\/wp-json\/wp\/v2\/types\/post"}],"author":[{"embeddable":true,"href":"https:\/\/www.sudoestehoje.com.br\/novoportal\/wp-json\/wp\/v2\/users\/2"}],"replies":[{"embeddable":true,"href":"https:\/\/www.sudoestehoje.com.br\/novoportal\/wp-json\/wp\/v2\/comments?post=98619"}],"version-history":[{"count":7,"href":"https:\/\/www.sudoestehoje.com.br\/novoportal\/wp-json\/wp\/v2\/posts\/98619\/revisions"}],"predecessor-version":[{"id":98631,"href":"https:\/\/www.sudoestehoje.com.br\/novoportal\/wp-json\/wp\/v2\/posts\/98619\/revisions\/98631"}],"wp:featuredmedia":[{"embeddable":true,"href":"https:\/\/www.sudoestehoje.com.br\/novoportal\/wp-json\/wp\/v2\/media\/98623"}],"wp:attachment":[{"href":"https:\/\/www.sudoestehoje.com.br\/novoportal\/wp-json\/wp\/v2\/media?parent=98619"}],"wp:term":[{"taxonomy":"category","embeddable":true,"href":"https:\/\/www.sudoestehoje.com.br\/novoportal\/wp-json\/wp\/v2\/categories?post=98619"},{"taxonomy":"post_tag","embeddable":true,"href":"https:\/\/www.sudoestehoje.com.br\/novoportal\/wp-json\/wp\/v2\/tags?post=98619"}],"curies":[{"name":"wp","href":"https:\/\/api.w.org\/{rel}","templated":true}]}}